{"id":19322,"date":"2022-10-03T21:12:59","date_gmt":"2022-10-03T19:12:59","guid":{"rendered":"http:\/\/karmel.hr\/?p=19322"},"modified":"2022-10-03T21:12:59","modified_gmt":"2022-10-03T19:12:59","slug":"zastitnica-malih-dusa-i-njezin-blagdan-u-mariji-bistrici","status":"publish","type":"post","link":"https:\/\/karmel.hr\/?p=19322","title":{"rendered":"Za\u0161titnica malih du\u0161a i njezin blagdan u Mariji Bistrici"},"content":{"rendered":"<p style=\"font-weight: 400;\">U subotu 1. listopada 2022. u Karmelu u Mariji Bistrici sve\u010danom je euharistijom proslavljen blagdan sv. Male Terezije. Misno je slavlje ove godine predslavio vl\u010d. Ivan Luki\u0107, ravnatelj Nadbiskupijskog pastoralnog instituta Zagreba\u010dke nadbiskupije. Uz njega su slavili fra Drago Brezovec, OFMcap i vl\u010d. Dragutin Ku\u010dan.<\/p>\n<p style=\"font-weight: 400;\">U propovijedi je vl\u010d. Luki\u0107 istaknuo nekoliko karakteristika sv. Male Terezije koje mogu biti putokaz svim vjernicima.<!--more--> Me\u0111u njima se najvi\u0161e isti\u010de njezina malenost. Mala Terezija nam govori da nije bitno da \u010dinimo velike stvari. \u201eNije bitno da mnogi preko nas upoznaju istinu, da mi \u010dinimo ne\u0161to za Boga, za Crkvu, za spas \u010dovje\u010danstva\u201c, rekao je vl\u010d. Luki\u0107, te je u nastavku obrazlo\u017eio: dovoljno je \u010diniti male, svakodnevne stvari s puno ljubavi.<\/p>\n<p style=\"font-weight: 400;\">I do ovoga \u0161to sada \u017eivimo kao odrasli ljudi, vjernici laici ili Bogu posve\u0107ene osobe, nismo do\u0161li odmah, ve\u0107 korak po korak. Upravo nam na tome putu Mala Terezija svojim poslanjem i malim putem donosi svjetlost i ohrabrenje. Osim toga, ono na \u0161to nas ova malena, ali velika svetica upu\u0107uje jest odnos s Bogom: \u201eMalenost, poniznost i odnos s Bogom jedino su \u0161to je va\u017eno u na\u0161em \u017eivotu, a ostalo \u0107e do\u0107i\u201c, jednostavnim i razumljivim rije\u010dima ohrabrio je propovjednik prisutne vjernike na nasljedovanje sv. Male Terezije na njenom putu predanja.<\/p>\n<p style=\"font-weight: 400;\">Na kraju misnog slavlja bio je tradicionalni blagoslov ru\u017ea u \u010dast svetice.<\/p>\n<div id='gallery-1' class='gallery galleryid-19322 gallery-columns-4 gallery-size-thumbnail'><figure class='gallery-item'>\n\t\t\t<div class='gallery-icon landscape'>\n\t\t\t\t<a href='https:\/\/karmel.hr\/wp-content\/uploads\/2022\/10\/P1030264.jpg'><img loading=\"lazy\" decoding=\"async\" width=\"150\" height=\"150\" src=\"https:\/\/karmel.hr\/wp-content\/uploads\/2022\/10\/P1030264-150x150.jpg\" class=\"attachment-thumbnail size-thumbnail\" alt=\"\" \/><\/a>\n\t\t\t<\/div><\/figure><figure class='gallery-item'>\n\t\t\t<div class='gallery-icon portrait'>\n\t\t\t\t<a href='https:\/\/karmel.hr\/wp-content\/uploads\/2022\/10\/P1030265-rotated.jpg'><img loading=\"lazy\" decoding=\"async\" width=\"150\" height=\"150\" src=\"https:\/\/karmel.hr\/wp-content\/uploads\/2022\/10\/P1030265-150x150.jpg\" class=\"attachment-thumbnail size-thumbnail\" alt=\"\" \/><\/a>\n\t\t\t<\/div><\/figure><figure class='gallery-item'>\n\t\t\t<div class='gallery-icon portrait'>\n\t\t\t\t<a href='https:\/\/karmel.hr\/wp-content\/uploads\/2022\/10\/P1030267-rotated.jpg'><img loading=\"lazy\" decoding=\"async\" width=\"150\" height=\"150\" src=\"https:\/\/karmel.hr\/wp-content\/uploads\/2022\/10\/P1030267-150x150.jpg\" class=\"attachment-thumbnail size-thumbnail\" alt=\"\" \/><\/a>\n\t\t\t<\/div><\/figure><figure class='gallery-item'>\n\t\t\t<div class='gallery-icon landscape'>\n\t\t\t\t<a href='https:\/\/karmel.hr\/wp-content\/uploads\/2022\/10\/P1030273.jpg'><img loading=\"lazy\" decoding=\"async\" width=\"150\" height=\"150\" src=\"https:\/\/karmel.hr\/wp-content\/uploads\/2022\/10\/P1030273-150x150.jpg\" class=\"attachment-thumbnail size-thumbnail\" alt=\"\" \/><\/a>\n\t\t\t<\/div><\/figure>\n\t\t<\/div>\n\n","protected":false},"excerpt":{"rendered":"<p>U subotu 1. listopada 2022. u Karmelu u Mariji Bistrici sve\u010danom je euharistijom proslavljen blagdan sv. Male Terezije. Misno je slavlje ove godine predslavio vl\u010d. Ivan Luki\u0107, ravnatelj Nadbiskupijskog pastoralnog instituta Zagreba\u010dke nadbiskupije. Uz njega su slavili fra Drago Brezovec, OFMcap i vl\u010d. Dragutin Ku\u010dan. U propovijedi je vl\u010d. Luki\u0107 istaknuo nekoliko karakteristika sv. Male &hellip; <a href=\"https:\/\/karmel.hr\/?p=19322\" class=\"more-link\">Nastavi \u010ditati <span class=\"screen-reader-text\">Za\u0161titnica malih du\u0161a i njezin blagdan u Mariji Bistrici<\/span> <span class=\"meta-nav\">&rarr;<\/span><\/a><\/p>\n","protected":false},"author":2,"featured_media":19324,"comment_status":"open","ping_status":"open","sticky":false,"template":"","format":"standard","meta":{"_jetpack_memberships_contains_paid_content":false,"footnotes":"","jetpack_publicize_message":"","jetpack_publicize_feature_enabled":true,"jetpack_social_post_already_shared":true,"jetpack_social_options":{"image_generator_settings":{"template":"highway","default_image_id":0,"font":"","enabled":false},"version":2}},"categories":[1],"tags":[],"class_list":["post-19322","post","type-post","status-publish","format-standard","has-post-thumbnail","hentry","category-nekategorizirano"],"jetpack_publicize_connections":[],"jetpack_featured_media_url":"https:\/\/karmel.hr\/wp-content\/uploads\/2022\/10\/P1030267-rotated.jpg","jetpack_sharing_enabled":true,"jetpack-related-posts":[],"_links":{"self":[{"href":"https:\/\/karmel.hr\/index.php?rest_route=\/wp\/v2\/posts\/19322","targetHints":{"allow":["GET"]}}],"collection":[{"href":"https:\/\/karmel.hr\/index.php?rest_route=\/wp\/v2\/posts"}],"about":[{"href":"https:\/\/karmel.hr\/index.php?rest_route=\/wp\/v2\/types\/post"}],"author":[{"embeddable":true,"href":"https:\/\/karmel.hr\/index.php?rest_route=\/wp\/v2\/users\/2"}],"replies":[{"embeddable":true,"href":"https:\/\/karmel.hr\/index.php?rest_route=%2Fwp%2Fv2%2Fcomments&post=19322"}],"version-history":[{"count":1,"href":"https:\/\/karmel.hr\/index.php?rest_route=\/wp\/v2\/posts\/19322\/revisions"}],"predecessor-version":[{"id":19327,"href":"https:\/\/karmel.hr\/index.php?rest_route=\/wp\/v2\/posts\/19322\/revisions\/19327"}],"wp:featuredmedia":[{"embeddable":true,"href":"https:\/\/karmel.hr\/index.php?rest_route=\/wp\/v2\/media\/19324"}],"wp:attachment":[{"href":"https:\/\/karmel.hr\/index.php?rest_route=%2Fwp%2Fv2%2Fmedia&parent=19322"}],"wp:term":[{"taxonomy":"category","embeddable":true,"href":"https:\/\/karmel.hr\/index.php?rest_route=%2Fwp%2Fv2%2Fcategories&post=19322"},{"taxonomy":"post_tag","embeddable":true,"href":"https:\/\/karmel.hr\/index.php?rest_route=%2Fwp%2Fv2%2Ftags&post=19322"}],"curies":[{"name":"wp","href":"https:\/\/api.w.org\/{rel}","templated":true}]}}