{"id":20283,"date":"2023-05-25T22:16:13","date_gmt":"2023-05-25T20:16:13","guid":{"rendered":"https:\/\/karmel.hr\/?p=20283"},"modified":"2023-05-25T22:16:13","modified_gmt":"2023-05-25T20:16:13","slug":"hodocasce-somborskog-karmela-u-sentu","status":"publish","type":"post","link":"https:\/\/karmel.hr\/?p=20283","title":{"rendered":"Hodo\u010da\u0161\u0107e somborskog Karmela u Sentu"},"content":{"rendered":"<p style=\"font-weight: 400;\">Povodom 150. godi\u0161njice ro\u0111enja i 100. godi\u0161njice progla\u0161enja bla\u017eenom svete Male Terezije, bra\u0107a karmeli\u0107ani uprili\u010dili su 20. svibnja zajedni\u010dko hodo\u010da\u0161\u0107e karmelske obitelji: bra\u0107e s postulantima, \u010dlanova Svjetovnog karmelskog reda te prijatelja Karmela, sveukupno 48 hodo\u010dasnika. Cilj je bila Senta, grad u Suboti\u010dkoj biskupiji, u kojem je jedna od pet \u017eupa, zajedno sa crkvom, posve\u0107ena toj omiljenoj karmelskoj svetici.<!--more--> Senta je jedan od najstarijih gradova u Vojvodini, nalazi se u Ba\u010dkoj, ali pripada Sjevernobanatskom okrugu. Ovaj 800-tinjak godina star gradi\u0107 danas ima oko 20 tisu\u0107a stanovnika, a velika su ve\u0107ina njih (80%) Ma\u0111ari. Crkva u koju smo hodo\u010dastili gradila se 20 godina, a kona\u010dno je zavr\u0161ena 2017.<\/p>\n<p style=\"font-weight: 400;\">Duhovni je program zapo\u010deo ve\u0107 u autobusu molitvom litanija Bla\u017eenoj Djevici Mariji na ma\u0111arskom jeziku. U Senti nas je ljubazno do\u010dekao na\u0161 doma\u0107in, \u017eupnik J\u00f3zsef Nagy, koji nam je u pozdravnome govoru opisao povijest i dana\u0161nje funkconiranje \u017eupe. Jedna je od posebno inspirativnih aktivnosti okupljanje starijih \u017eupljana oko \u017eupe, kako bi oni koji se nalaze u neima\u0161tini ipak pojeli koji topli obrok, a oni koji su u starosti ostali sami imali priliku dru\u017eiti se sa svojim vr\u0161njacima. Duhovni se program nastavio molitvom krunice, naizmjeni\u010dno na ma\u0111arskom i hrvatskom jeziku, te svetom misom, koju je predslavio dijecezanski upravitelj pre\u010d. mons. Ferenc Fazekas uz koncelebraciju o. Zlatka \u017duvele i o. Stjepana Vidaka. U propovijedi je mons. Fazekas naglasio da je sveta Mala Terezija imala va\u017enu ulogu u njegovoj formaciji te da ju do danas na obljetnicu svoga re\u0111enja spominje u misnome kanonu. Tijekom mise imali smo priliku svjedo\u010diti i konkretnom oprimjerenju maloterezijanske nje\u017enosti. Naime, na\u0161 je najmla\u0111i ministrant Mihael prvi puta nosio la\u0111icu i pratio kadioni\u010dara, postulanta Filipa, koji ga je s tolikom nje\u017eno\u0161\u0107u, strpljivo\u0161\u0107u i smislom za odgoj vodio kroz svetu misu, da je to bilo podjednako dirljivo i pou\u010dno.<\/p>\n<p style=\"font-weight: 400;\">Na svetoj misi je svirao i predvodio pjevanje katedralni kantor iz Subotice maestro Miroslav Stanti\u0107. Na kraju svete mise o. Stjepan je izrekao zahvalno slovo na oba jezika, a prije samog blagoslova izmolili smo litanije svetoj Tereziji od Djeteta Isusa i Svetoga Lica. Bila je ovo prigoda da se \u010dlanovi Svjetovnog reda susretnu s tri \u010dlanice iz Sente koje iz starosnih i zdravstvenih razloga ne mogu vi\u0161e sudjelovati na redovitim susretima Svjetovnog reda.<\/p>\n<p style=\"font-weight: 400;\">Sljede\u0107a postaja na\u0161eg hodo\u010da\u0161\u0107a bio je <em>Domus Pacis<\/em>, franjeva\u010dka ku\u0107a za duhovnu obnovu u naselju Horgo\u0161, na samoj granici Srbije i Ma\u0111arske. Tamo smo ru\u010dali i malo se okrijepili te nakon litanija Bla\u017eenoj Djevici Mariji na hrvatskome jeziku krenuli put Sombora. Iako smo svi o\u010dekivali da je hodo\u010da\u0161\u0107e time manje-vi\u0161e zavr\u0161eno, pokazalo se da smo bili u krivu. Naime, u Srbiji su jo\u0161 trajali prosvjedi poljoprivrednika, zbog kojih smo na nekih 15-tak kilometara od Sombora nai\u0161li na barikadu i morali \u010dekati gotovo 2 sata da nas propuste. Ovaj se zastoj pokazao kao skriveni blagoslov. Po\u010delo je s tim \u0161to su voza\u010di kamiona koji su bili zaustavljeni prije nas primijetili da u na\u0161em autobusu ima djece pa su im donijeli sokove. Poslije ovoga iskaza dobrote u zamornoj situaciji, jer i ti su voza\u010di ve\u0107 bili umorni, uzrujani i \u017eeljni polaska, slijedio je jo\u0161 jedan duhovni blagoslov. Nakon \u0161to je primijetio da u autobusu po\u010dinju rasprave o opravdanosti postupanja poljoprivrednika, na\u0161 je prior o. Stjepan s ciljem vra\u0107anja duhovne sabranosti zapo\u010deo krunicu u koju se uklju\u010dio cijeli autobus. Kako ni nakon krunice nije bilo znakova da se kre\u0107e, molitva je nastavljena pjevanjem ve\u010dernje \u010dasoslova. Na donjem je katu autobusa \u010dasoslov pjevao o. Stjepan, a na gornjem, s puno \u017eara i malo manje umije\u0107a, karmelski postulanti i gost samostana Adrian I\u0161tvan Ura\u010d. Ubrzo su se zavr\u0161ile i blokade, tako da umjesto da smo u Sombor stigli umorni od cjelodnevnoga puta, svi smo jo\u0161 bili pod vedrim dojmom molitve. Kroz cijelo nas je hodo\u010da\u0161\u0107e, po\u010dev\u0161i od lijepoga sun\u010danog vremena, preko sve\u010dane liturgije, ugodnoga i duhovno plodnoga dana te blagoslova koje nam je donio zastoj, pratilo upravo more malih milosti. Romanti\u010dnija bi du\u0161a mogla u njima vidjeti ru\u017ee koje nam je poslala svetica u \u010diju smo \u010dast hodo\u010dastili.<\/p>\n<div id='gallery-1' class='gallery galleryid-20283 gallery-columns-5 gallery-size-thumbnail'><figure class='gallery-item'>\n\t\t\t<div class='gallery-icon landscape'>\n\t\t\t\t<a href='https:\/\/karmel.hr\/wp-content\/uploads\/2023\/05\/IMG-20230520-WA0022.jpg'><img loading=\"lazy\" decoding=\"async\" width=\"150\" height=\"150\" src=\"https:\/\/karmel.hr\/wp-content\/uploads\/2023\/05\/IMG-20230520-WA0022-150x150.jpg\" class=\"attachment-thumbnail size-thumbnail\" alt=\"\" \/><\/a>\n\t\t\t<\/div><\/figure><figure class='gallery-item'>\n\t\t\t<div class='gallery-icon landscape'>\n\t\t\t\t<a href='https:\/\/karmel.hr\/wp-content\/uploads\/2023\/05\/IMG-20230520-WA0023.jpg'><img loading=\"lazy\" decoding=\"async\" width=\"150\" height=\"150\" src=\"https:\/\/karmel.hr\/wp-content\/uploads\/2023\/05\/IMG-20230520-WA0023-150x150.jpg\" class=\"attachment-thumbnail size-thumbnail\" alt=\"\" \/><\/a>\n\t\t\t<\/div><\/figure><figure class='gallery-item'>\n\t\t\t<div class='gallery-icon portrait'>\n\t\t\t\t<a href='https:\/\/karmel.hr\/wp-content\/uploads\/2023\/05\/IMG-20230520-WA0024.jpg'><img loading=\"lazy\" decoding=\"async\" width=\"150\" height=\"150\" src=\"https:\/\/karmel.hr\/wp-content\/uploads\/2023\/05\/IMG-20230520-WA0024-150x150.jpg\" class=\"attachment-thumbnail size-thumbnail\" alt=\"\" \/><\/a>\n\t\t\t<\/div><\/figure><figure class='gallery-item'>\n\t\t\t<div class='gallery-icon portrait'>\n\t\t\t\t<a href='https:\/\/karmel.hr\/wp-content\/uploads\/2023\/05\/IMG-20230520-WA0025.jpg'><img loading=\"lazy\" decoding=\"async\" width=\"150\" height=\"150\" src=\"https:\/\/karmel.hr\/wp-content\/uploads\/2023\/05\/IMG-20230520-WA0025-150x150.jpg\" class=\"attachment-thumbnail size-thumbnail\" alt=\"\" \/><\/a>\n\t\t\t<\/div><\/figure><figure class='gallery-item'>\n\t\t\t<div class='gallery-icon landscape'>\n\t\t\t\t<a href='https:\/\/karmel.hr\/wp-content\/uploads\/2023\/05\/IMG-20230520-WA0026.jpg'><img loading=\"lazy\" decoding=\"async\" width=\"150\" height=\"150\" src=\"https:\/\/karmel.hr\/wp-content\/uploads\/2023\/05\/IMG-20230520-WA0026-150x150.jpg\" class=\"attachment-thumbnail size-thumbnail\" alt=\"\" \/><\/a>\n\t\t\t<\/div><\/figure><figure class='gallery-item'>\n\t\t\t<div class='gallery-icon portrait'>\n\t\t\t\t<a href='https:\/\/karmel.hr\/wp-content\/uploads\/2023\/05\/IMG-20230520-WA0028.jpg'><img loading=\"lazy\" decoding=\"async\" width=\"150\" height=\"150\" src=\"https:\/\/karmel.hr\/wp-content\/uploads\/2023\/05\/IMG-20230520-WA0028-150x150.jpg\" class=\"attachment-thumbnail size-thumbnail\" alt=\"\" \/><\/a>\n\t\t\t<\/div><\/figure><figure class='gallery-item'>\n\t\t\t<div class='gallery-icon portrait'>\n\t\t\t\t<a href='https:\/\/karmel.hr\/wp-content\/uploads\/2023\/05\/IMG-20230520-WA0033.jpg'><img loading=\"lazy\" decoding=\"async\" width=\"150\" height=\"150\" src=\"https:\/\/karmel.hr\/wp-content\/uploads\/2023\/05\/IMG-20230520-WA0033-150x150.jpg\" class=\"attachment-thumbnail size-thumbnail\" alt=\"\" \/><\/a>\n\t\t\t<\/div><\/figure><figure class='gallery-item'>\n\t\t\t<div class='gallery-icon portrait'>\n\t\t\t\t<a href='https:\/\/karmel.hr\/wp-content\/uploads\/2023\/05\/IMG-20230520-WA0034.jpg'><img loading=\"lazy\" decoding=\"async\" width=\"150\" height=\"150\" src=\"https:\/\/karmel.hr\/wp-content\/uploads\/2023\/05\/IMG-20230520-WA0034-150x150.jpg\" class=\"attachment-thumbnail size-thumbnail\" alt=\"\" \/><\/a>\n\t\t\t<\/div><\/figure><figure class='gallery-item'>\n\t\t\t<div class='gallery-icon portrait'>\n\t\t\t\t<a href='https:\/\/karmel.hr\/wp-content\/uploads\/2023\/05\/IMG-20230520-WA0036.jpg'><img loading=\"lazy\" decoding=\"async\" width=\"150\" height=\"150\" src=\"https:\/\/karmel.hr\/wp-content\/uploads\/2023\/05\/IMG-20230520-WA0036-150x150.jpg\" class=\"attachment-thumbnail size-thumbnail\" alt=\"\" \/><\/a>\n\t\t\t<\/div><\/figure><figure class='gallery-item'>\n\t\t\t<div class='gallery-icon portrait'>\n\t\t\t\t<a href='https:\/\/karmel.hr\/wp-content\/uploads\/2023\/05\/IMG-20230520-WA0037.jpg'><img loading=\"lazy\" decoding=\"async\" width=\"150\" height=\"150\" src=\"https:\/\/karmel.hr\/wp-content\/uploads\/2023\/05\/IMG-20230520-WA0037-150x150.jpg\" class=\"attachment-thumbnail size-thumbnail\" alt=\"\" \/><\/a>\n\t\t\t<\/div><\/figure><figure class='gallery-item'>\n\t\t\t<div class='gallery-icon landscape'>\n\t\t\t\t<a href='https:\/\/karmel.hr\/wp-content\/uploads\/2023\/05\/IMG-20230523-WA0001.jpg'><img loading=\"lazy\" decoding=\"async\" width=\"150\" height=\"150\" src=\"https:\/\/karmel.hr\/wp-content\/uploads\/2023\/05\/IMG-20230523-WA0001-150x150.jpg\" class=\"attachment-thumbnail size-thumbnail\" alt=\"\" \/><\/a>\n\t\t\t<\/div><\/figure><figure class='gallery-item'>\n\t\t\t<div class='gallery-icon portrait'>\n\t\t\t\t<a href='https:\/\/karmel.hr\/wp-content\/uploads\/2023\/05\/IMG-20230523-WA0002.jpg'><img loading=\"lazy\" decoding=\"async\" width=\"150\" height=\"150\" src=\"https:\/\/karmel.hr\/wp-content\/uploads\/2023\/05\/IMG-20230523-WA0002-150x150.jpg\" class=\"attachment-thumbnail size-thumbnail\" alt=\"\" \/><\/a>\n\t\t\t<\/div><\/figure><figure class='gallery-item'>\n\t\t\t<div class='gallery-icon landscape'>\n\t\t\t\t<a href='https:\/\/karmel.hr\/wp-content\/uploads\/2023\/05\/IMG-20230523-WA0003.jpg'><img loading=\"lazy\" decoding=\"async\" width=\"150\" height=\"150\" src=\"https:\/\/karmel.hr\/wp-content\/uploads\/2023\/05\/IMG-20230523-WA0003-150x150.jpg\" class=\"attachment-thumbnail size-thumbnail\" alt=\"\" \/><\/a>\n\t\t\t<\/div><\/figure><figure class='gallery-item'>\n\t\t\t<div class='gallery-icon portrait'>\n\t\t\t\t<a href='https:\/\/karmel.hr\/wp-content\/uploads\/2023\/05\/IMG-20230523-WA0004.jpg'><img loading=\"lazy\" decoding=\"async\" width=\"150\" height=\"150\" src=\"https:\/\/karmel.hr\/wp-content\/uploads\/2023\/05\/IMG-20230523-WA0004-150x150.jpg\" class=\"attachment-thumbnail size-thumbnail\" alt=\"\" \/><\/a>\n\t\t\t<\/div><\/figure><figure class='gallery-item'>\n\t\t\t<div class='gallery-icon portrait'>\n\t\t\t\t<a href='https:\/\/karmel.hr\/wp-content\/uploads\/2023\/05\/IMG-20230523-WA0005.jpg'><img loading=\"lazy\" decoding=\"async\" width=\"150\" height=\"150\" src=\"https:\/\/karmel.hr\/wp-content\/uploads\/2023\/05\/IMG-20230523-WA0005-150x150.jpg\" class=\"attachment-thumbnail size-thumbnail\" alt=\"\" \/><\/a>\n\t\t\t<\/div><\/figure><figure class='gallery-item'>\n\t\t\t<div class='gallery-icon landscape'>\n\t\t\t\t<a href='https:\/\/karmel.hr\/wp-content\/uploads\/2023\/05\/IMG-20230520-WA0012.jpg'><img loading=\"lazy\" decoding=\"async\" width=\"150\" height=\"150\" src=\"https:\/\/karmel.hr\/wp-content\/uploads\/2023\/05\/IMG-20230520-WA0012-150x150.jpg\" class=\"attachment-thumbnail size-thumbnail\" alt=\"\" \/><\/a>\n\t\t\t<\/div><\/figure><figure class='gallery-item'>\n\t\t\t<div class='gallery-icon landscape'>\n\t\t\t\t<a href='https:\/\/karmel.hr\/wp-content\/uploads\/2023\/05\/IMG-20230520-WA0013.jpg'><img loading=\"lazy\" decoding=\"async\" width=\"150\" height=\"150\" src=\"https:\/\/karmel.hr\/wp-content\/uploads\/2023\/05\/IMG-20230520-WA0013-150x150.jpg\" class=\"attachment-thumbnail size-thumbnail\" alt=\"\" \/><\/a>\n\t\t\t<\/div><\/figure><figure class='gallery-item'>\n\t\t\t<div class='gallery-icon portrait'>\n\t\t\t\t<a href='https:\/\/karmel.hr\/wp-content\/uploads\/2023\/05\/IMG-20230520-WA0019.jpg'><img loading=\"lazy\" decoding=\"async\" width=\"150\" height=\"150\" src=\"https:\/\/karmel.hr\/wp-content\/uploads\/2023\/05\/IMG-20230520-WA0019-150x150.jpg\" class=\"attachment-thumbnail size-thumbnail\" alt=\"\" \/><\/a>\n\t\t\t<\/div><\/figure><figure class='gallery-item'>\n\t\t\t<div class='gallery-icon landscape'>\n\t\t\t\t<a href='https:\/\/karmel.hr\/wp-content\/uploads\/2023\/05\/IMG-20230520-WA0020.jpg'><img loading=\"lazy\" decoding=\"async\" width=\"150\" height=\"150\" src=\"https:\/\/karmel.hr\/wp-content\/uploads\/2023\/05\/IMG-20230520-WA0020-150x150.jpg\" class=\"attachment-thumbnail size-thumbnail\" alt=\"\" \/><\/a>\n\t\t\t<\/div><\/figure><figure class='gallery-item'>\n\t\t\t<div class='gallery-icon portrait'>\n\t\t\t\t<a href='https:\/\/karmel.hr\/wp-content\/uploads\/2023\/05\/IMG-20230520-WA0021.jpg'><img loading=\"lazy\" decoding=\"async\" width=\"150\" height=\"150\" src=\"https:\/\/karmel.hr\/wp-content\/uploads\/2023\/05\/IMG-20230520-WA0021-150x150.jpg\" class=\"attachment-thumbnail size-thumbnail\" alt=\"\" \/><\/a>\n\t\t\t<\/div><\/figure>\n\t\t<\/div>\n\n","protected":false},"excerpt":{"rendered":"<p>Povodom 150. godi\u0161njice ro\u0111enja i 100. godi\u0161njice progla\u0161enja bla\u017eenom svete Male Terezije, bra\u0107a karmeli\u0107ani uprili\u010dili su 20. svibnja zajedni\u010dko hodo\u010da\u0161\u0107e karmelske obitelji: bra\u0107e s postulantima, \u010dlanova Svjetovnog karmelskog reda te prijatelja Karmela, sveukupno 48 hodo\u010dasnika. Cilj je bila Senta, grad u Suboti\u010dkoj biskupiji, u kojem je jedna od pet \u017eupa, zajedno sa crkvom, posve\u0107ena toj &hellip; <a href=\"https:\/\/karmel.hr\/?p=20283\" class=\"more-link\">Nastavi \u010ditati <span class=\"screen-reader-text\">Hodo\u010da\u0161\u0107e somborskog Karmela u Sentu<\/span> <span class=\"meta-nav\">&rarr;<\/span><\/a><\/p>\n","protected":false},"author":2,"featured_media":20284,"comment_status":"open","ping_status":"open","sticky":false,"template":"","format":"standard","meta":{"_jetpack_memberships_contains_paid_content":false,"footnotes":"","jetpack_publicize_message":"","jetpack_publicize_feature_enabled":true,"jetpack_social_post_already_shared":true,"jetpack_social_options":{"image_generator_settings":{"template":"highway","default_image_id":0,"font":"","enabled":false},"version":2}},"categories":[1],"tags":[],"class_list":["post-20283","post","type-post","status-publish","format-standard","has-post-thumbnail","hentry","category-nekategorizirano"],"jetpack_publicize_connections":[],"jetpack_featured_media_url":"https:\/\/karmel.hr\/wp-content\/uploads\/2023\/05\/IMG-20230520-WA0022.jpg","jetpack_sharing_enabled":true,"jetpack-related-posts":[],"_links":{"self":[{"href":"https:\/\/karmel.hr\/index.php?rest_route=\/wp\/v2\/posts\/20283","targetHints":{"allow":["GET"]}}],"collection":[{"href":"https:\/\/karmel.hr\/index.php?rest_route=\/wp\/v2\/posts"}],"about":[{"href":"https:\/\/karmel.hr\/index.php?rest_route=\/wp\/v2\/types\/post"}],"author":[{"embeddable":true,"href":"https:\/\/karmel.hr\/index.php?rest_route=\/wp\/v2\/users\/2"}],"replies":[{"embeddable":true,"href":"https:\/\/karmel.hr\/index.php?rest_route=%2Fwp%2Fv2%2Fcomments&post=20283"}],"version-history":[{"count":1,"href":"https:\/\/karmel.hr\/index.php?rest_route=\/wp\/v2\/posts\/20283\/revisions"}],"predecessor-version":[{"id":20304,"href":"https:\/\/karmel.hr\/index.php?rest_route=\/wp\/v2\/posts\/20283\/revisions\/20304"}],"wp:featuredmedia":[{"embeddable":true,"href":"https:\/\/karmel.hr\/index.php?rest_route=\/wp\/v2\/media\/20284"}],"wp:attachment":[{"href":"https:\/\/karmel.hr\/index.php?rest_route=%2Fwp%2Fv2%2Fmedia&parent=20283"}],"wp:term":[{"taxonomy":"category","embeddable":true,"href":"https:\/\/karmel.hr\/index.php?rest_route=%2Fwp%2Fv2%2Fcategories&post=20283"},{"taxonomy":"post_tag","embeddable":true,"href":"https:\/\/karmel.hr\/index.php?rest_route=%2Fwp%2Fv2%2Ftags&post=20283"}],"curies":[{"name":"wp","href":"https:\/\/api.w.org\/{rel}","templated":true}]}}