{"id":20338,"date":"2023-06-04T21:56:10","date_gmt":"2023-06-04T19:56:10","guid":{"rendered":"https:\/\/karmel.hr\/?p=20338"},"modified":"2023-06-04T21:56:10","modified_gmt":"2023-06-04T19:56:10","slug":"bogoslovi-u-pohodu-sestrama-karmelicankama","status":"publish","type":"post","link":"https:\/\/karmel.hr\/?p=20338","title":{"rendered":"Bogoslovi u pohodu sestrama karmeli\u0107ankama"},"content":{"rendered":"<p style=\"font-weight: 400;\">Bogoslovi prve godine teologije iz Nadbiskupskog bogoslovnog sjemeni\u0161ta u Zagrebu, predvo\u0111eni odgojiteljem vl\u010d. Tonijem Potrebi\u0107em, pohodili su u subotu 3. lipnja 2023. bosonoge karmeli\u0107anke u Brezovici.<!--more--> Pohod je zapo\u010deo misnim slavljem koje je predvodio vl\u010d. Potrebi\u0107, a animirali su ga bogoslovi svojim lijepim pjevanjem pod ravnanjem bogoslova Marka Pratlja\u010di\u0107a, koji je i svirao.<\/p>\n<p style=\"font-weight: 400;\">U homiliji je vl\u010d. Potrebi\u0107 istaknuo kako starozavjetni pisac Knjige Sirahove govori da je tra\u017eio mudrost od svoje mladosti, svjestan da istinska mudrost dolazi od Boga. \u201eMi ljudi mudrost primamo kao dar od dragoga Boga. \u0160to je ta mudrost? Mudrost je ispravan na\u010din \u017eivljenja, prepoznavanja dubljeg smisla u svim stvarima, a tako i u svakodnevnici. U dana\u0161njem svijetu rad bi se mogao prepoznati kao ne\u0161to \u0161to mi slu\u017ei da pre\u017eivim. Me\u0111utim, biblijska mudrost govori da u radu \u010dovjek pronalazi svoje posve\u0107enje. Bog u kojega vjerujemo radi: stvara svijet i \u010dovjeka koji rade\u0107i nastavlja njegovo djelovanje i stvaranje. Prava istinska mudrost prepoznaje u ljudskome radu mogu\u0107nost nastavka Bo\u017ejega djela. Svaki put kad se opredjeljujemo za ljudski rad, postajemo sli\u010dniji Bogu, do\u017eivljavaju\u0107i Boga u punini\u201c, istaknuo je vl\u010d. Potrebi\u0107.<\/p>\n<p style=\"font-weight: 400;\">Pri kraju homilije potaknuo je sve prisutne da zajedno mole Gospodina da im podari istinsku mudrost u svim stvarima: ne samo u molitvi i kontemplaciji, ve\u0107 i u trenutcima svakodnevnog slu\u017eenja i rada. Jednako tako, za\u017eelio je da nam euharistijsko slavlje bude orijentir i svjetionik da sve ono \u0161to primamo, primamo iz Bo\u017eje ruke; da sve prepoznamo kao dar, kao Bo\u017eju milost, te da budemo spremni prepustiti sve Bogu.<\/p>\n<p style=\"font-weight: 400;\">Prije zavr\u0161nog blagoslova, vl\u010d. Potrebi\u0107 jo\u0161 jednom je preporu\u010dio budu\u0107e sve\u0107enike koji su odlu\u010dili predati svoj \u017eivot Bogu u molitve sestara i vjernika kako bi svi zajedno bili sugraditelji Kraljevstva Bo\u017ejega.<\/p>\n<p style=\"font-weight: 400;\">Nakon misnoga slavlja uslijedio je duhovno-prijateljski susret u sestarskoj govornici gdje je \u010d. Majka M. Regina Popi\u0107 pozdravila bogoslove i njihovog odgojitelja vl\u010d. Tonija Potrebi\u0107a, te im obe\u0107ala duhovno-molitvenu pratnju sestara. Susret se nastavio kroz me\u0111usobno upoznavanje i izmjenu iskustava, te uz pjesmu i me\u0111usobno ohrabrenje na Bo\u017ejem putu.<\/p>\n<div id='gallery-1' class='gallery galleryid-20338 gallery-columns-4 gallery-size-thumbnail'><figure class='gallery-item'>\n\t\t\t<div class='gallery-icon landscape'>\n\t\t\t\t<a href='https:\/\/karmel.hr\/wp-content\/uploads\/2023\/06\/DSCN8400.jpg'><img loading=\"lazy\" decoding=\"async\" width=\"150\" height=\"150\" src=\"https:\/\/karmel.hr\/wp-content\/uploads\/2023\/06\/DSCN8400-150x150.jpg\" class=\"attachment-thumbnail size-thumbnail\" alt=\"\" \/><\/a>\n\t\t\t<\/div><\/figure><figure class='gallery-item'>\n\t\t\t<div class='gallery-icon landscape'>\n\t\t\t\t<a href='https:\/\/karmel.hr\/wp-content\/uploads\/2023\/06\/DSCN8402.jpg'><img loading=\"lazy\" decoding=\"async\" width=\"150\" height=\"150\" src=\"https:\/\/karmel.hr\/wp-content\/uploads\/2023\/06\/DSCN8402-150x150.jpg\" class=\"attachment-thumbnail size-thumbnail\" alt=\"\" \/><\/a>\n\t\t\t<\/div><\/figure><figure class='gallery-item'>\n\t\t\t<div class='gallery-icon landscape'>\n\t\t\t\t<a href='https:\/\/karmel.hr\/wp-content\/uploads\/2023\/06\/DSCN8408.jpg'><img loading=\"lazy\" decoding=\"async\" width=\"150\" height=\"150\" src=\"https:\/\/karmel.hr\/wp-content\/uploads\/2023\/06\/DSCN8408-150x150.jpg\" class=\"attachment-thumbnail size-thumbnail\" alt=\"\" \/><\/a>\n\t\t\t<\/div><\/figure><figure class='gallery-item'>\n\t\t\t<div class='gallery-icon landscape'>\n\t\t\t\t<a href='https:\/\/karmel.hr\/wp-content\/uploads\/2023\/06\/DSCN8420.jpg'><img loading=\"lazy\" decoding=\"async\" width=\"150\" height=\"150\" src=\"https:\/\/karmel.hr\/wp-content\/uploads\/2023\/06\/DSCN8420-150x150.jpg\" class=\"attachment-thumbnail size-thumbnail\" alt=\"\" \/><\/a>\n\t\t\t<\/div><\/figure>\n\t\t<\/div>\n\n","protected":false},"excerpt":{"rendered":"<p>Bogoslovi prve godine teologije iz Nadbiskupskog bogoslovnog sjemeni\u0161ta u Zagrebu, predvo\u0111eni odgojiteljem vl\u010d. Tonijem Potrebi\u0107em, pohodili su u subotu 3. lipnja 2023. bosonoge karmeli\u0107anke u Brezovici.<\/p>\n","protected":false},"author":2,"featured_media":20342,"comment_status":"open","ping_status":"open","sticky":false,"template":"","format":"standard","meta":{"_jetpack_memberships_contains_paid_content":false,"footnotes":"","jetpack_publicize_message":"","jetpack_publicize_feature_enabled":true,"jetpack_social_post_already_shared":true,"jetpack_social_options":{"image_generator_settings":{"template":"highway","default_image_id":0,"font":"","enabled":false},"version":2}},"categories":[1],"tags":[],"class_list":["post-20338","post","type-post","status-publish","format-standard","has-post-thumbnail","hentry","category-nekategorizirano"],"jetpack_publicize_connections":[],"jetpack_featured_media_url":"https:\/\/karmel.hr\/wp-content\/uploads\/2023\/06\/DSCN8420.jpg","jetpack_sharing_enabled":true,"jetpack-related-posts":[],"_links":{"self":[{"href":"https:\/\/karmel.hr\/index.php?rest_route=\/wp\/v2\/posts\/20338","targetHints":{"allow":["GET"]}}],"collection":[{"href":"https:\/\/karmel.hr\/index.php?rest_route=\/wp\/v2\/posts"}],"about":[{"href":"https:\/\/karmel.hr\/index.php?rest_route=\/wp\/v2\/types\/post"}],"author":[{"embeddable":true,"href":"https:\/\/karmel.hr\/index.php?rest_route=\/wp\/v2\/users\/2"}],"replies":[{"embeddable":true,"href":"https:\/\/karmel.hr\/index.php?rest_route=%2Fwp%2Fv2%2Fcomments&post=20338"}],"version-history":[{"count":1,"href":"https:\/\/karmel.hr\/index.php?rest_route=\/wp\/v2\/posts\/20338\/revisions"}],"predecessor-version":[{"id":20343,"href":"https:\/\/karmel.hr\/index.php?rest_route=\/wp\/v2\/posts\/20338\/revisions\/20343"}],"wp:featuredmedia":[{"embeddable":true,"href":"https:\/\/karmel.hr\/index.php?rest_route=\/wp\/v2\/media\/20342"}],"wp:attachment":[{"href":"https:\/\/karmel.hr\/index.php?rest_route=%2Fwp%2Fv2%2Fmedia&parent=20338"}],"wp:term":[{"taxonomy":"category","embeddable":true,"href":"https:\/\/karmel.hr\/index.php?rest_route=%2Fwp%2Fv2%2Fcategories&post=20338"},{"taxonomy":"post_tag","embeddable":true,"href":"https:\/\/karmel.hr\/index.php?rest_route=%2Fwp%2Fv2%2Ftags&post=20338"}],"curies":[{"name":"wp","href":"https:\/\/api.w.org\/{rel}","templated":true}]}}