{"id":20435,"date":"2023-06-30T11:02:41","date_gmt":"2023-06-30T09:02:41","guid":{"rendered":"https:\/\/karmel.hr\/?p=20435"},"modified":"2023-06-30T11:02:41","modified_gmt":"2023-06-30T09:02:41","slug":"zlatomisnicki-jubilej-u-karmelu-u-brezovici","status":"publish","type":"post","link":"https:\/\/karmel.hr\/?p=20435","title":{"rendered":"Zlatomisni\u010dki jubilej u Karmelu u Brezovici"},"content":{"rendered":"<p style=\"font-weight: 400;\">Pre\u010dasni gospodin Ivan Topolnjak, dosada\u0161nji \u017eupnik \u017dupe svetih an\u0111ela u zagreba\u010dkom Savskom gaju, obilje\u017eio je na Petrovo, u \u010detvrtak 29. lipnja 2023. godine u Karmelu u Brezovici svoju 50. obljetnicu sve\u0107eni\u0161tva. Uz njega je koncelebrirao pre\u010dasni gospodin Stjepan Bradica, kanonik.<!--more-->\u00a0\u00a0\u00a0\u00a0\u00a0\u00a0\u00a0\u00a0\u00a0\u00a0\u00a0\u00a0\u00a0\u00a0\u00a0\u00a0\u00a0\u00a0\u00a0\u00a0\u00a0\u00a0\u00a0\u00a0\u00a0\u00a0\u00a0\u00a0\u00a0\u00a0\u00a0\u00a0\u00a0\u00a0\u00a0\u00a0\u00a0\u00a0\u00a0\u00a0\u00a0\u00a0\u00a0\u00a0\u00a0\u00a0\u00a0\u00a0\u00a0\u00a0\u00a0\u00a0\u00a0\u00a0\u00a0\u00a0\u00a0\u00a0\u00a0\u00a0\u00a0\u00a0\u00a0\u00a0\u00a0\u00a0\u00a0\u00a0\u00a0\u00a0\u00a0\u00a0\u00a0\u00a0\u00a0\u00a0\u00a0\u00a0\u00a0\u00a0\u00a0\u00a0\u00a0\u00a0\u00a0\u00a0\u00a0\u00a0\u00a0\u00a0\u00a0\u00a0\u00a0\u00a0\u00a0\u00a0\u00a0\u00a0\u00a0\u00a0\u00a0\u00a0\u00a0\u00a0\u00a0\u00a0\u00a0\u00a0\u00a0\u00a0\u00a0\u00a0\u00a0\u00a0\u00a0\u00a0\u00a0\u00a0\u00a0\u00a0\u00a0\u00a0\u00a0\u00a0\u00a0\u00a0\u00a0\u00a0\u00a0\u00a0\u00a0\u00a0\u00a0\u00a0\u00a0\u00a0\u00a0\u00a0\u00a0\u00a0\u00a0\u00a0\u00a0\u00a0\u00a0\u00a0\u00a0\u00a0\u00a0\u00a0\u00a0\u00a0\u00a0\u00a0\u00a0\u00a0\u00a0\u00a0\u00a0\u00a0\u00a0\u00a0\u00a0\u00a0\u00a0\u00a0\u00a0\u00a0\u00a0\u00a0\u00a0\u00a0\u00a0\u00a0\u00a0\u00a0\u00a0\u00a0\u00a0\u00a0\u00a0\u00a0\u00a0\u00a0\u00a0\u00a0\u00a0\u00a0\u00a0\u00a0\u00a0\u00a0\u00a0\u00a0\u00a0\u00a0\u00a0\u00a0\u00a0\u00a0\u00a0\u00a0\u00a0\u00a0\u00a0\u00a0\u00a0\u00a0\u00a0\u00a0\u00a0\u00a0\u00a0\u00a0\u00a0\u00a0\u00a0\u00a0\u00a0\u00a0\u00a0\u00a0\u00a0\u00a0\u00a0\u00a0\u00a0\u00a0\u00a0\u00a0\u00a0\u00a0\u00a0\u00a0\u00a0\u00a0\u00a0\u00a0\u00a0\u00a0\u00a0\u00a0\u00a0\u00a0\u00a0\u00a0\u00a0\u00a0\u00a0\u00a0\u00a0\u00a0\u00a0\u00a0\u00a0\u00a0\u00a0\u00a0\u00a0\u00a0\u00a0\u00a0\u00a0\u00a0\u00a0\u00a0\u00a0\u00a0\u00a0\u00a0\u00a0\u00a0\u00a0\u00a0\u00a0\u00a0\u00a0\u00a0\u00a0\u00a0\u00a0\u00a0\u00a0\u00a0\u00a0\u00a0\u00a0\u00a0\u00a0\u00a0\u00a0\u00a0\u00a0\u00a0\u00a0\u00a0\u00a0\u00a0\u00a0\u00a0\u00a0\u00a0\u00a0\u00a0\u00a0\u00a0\u00a0\u00a0\u00a0\u00a0\u00a0\u00a0\u00a0\u00a0\u00a0\u00a0\u00a0\u00a0\u00a0\u00a0\u00a0\u00a0\u00a0\u00a0\u00a0\u00a0\u00a0\u00a0\u00a0\u00a0\u00a0\u00a0\u00a0\u00a0\u00a0\u00a0\u00a0\u00a0\u00a0\u00a0\u00a0\u00a0\u00a0\u00a0\u00a0\u00a0\u00a0\u00a0\u00a0\u00a0\u00a0\u00a0\u00a0\u00a0\u00a0\u00a0\u00a0\u00a0\u00a0\u00a0\u00a0\u00a0\u00a0\u00a0\u00a0\u00a0\u00a0\u00a0\u00a0\u00a0\u00a0\u00a0\u00a0\u00a0\u00a0\u00a0\u00a0\u00a0\u00a0\u00a0\u00a0\u00a0\u00a0\u00a0\u00a0\u00a0\u00a0\u00a0\u00a0\u00a0\u00a0\u00a0\u00a0\u00a0\u00a0\u00a0\u00a0\u00a0\u00a0\u00a0\u00a0\u00a0\u00a0\u00a0\u00a0\u00a0\u00a0\u00a0\u00a0\u00a0\u00a0\u00a0\u00a0\u00a0\u00a0\u00a0\u00a0\u00a0\u00a0\u00a0\u00a0\u00a0\u00a0\u00a0\u00a0\u00a0\u00a0\u00a0\u00a0\u00a0\u00a0\u00a0\u00a0\u00a0\u00a0\u00a0\u00a0\u00a0\u00a0\u00a0\u00a0\u00a0\u00a0\u00a0\u00a0\u00a0\u00a0\u00a0\u00a0\u00a0\u00a0\u00a0\u00a0\u00a0\u00a0\u00a0\u00a0\u00a0\u00a0\u00a0\u00a0\u00a0\u00a0\u00a0\u00a0\u00a0\u00a0\u00a0\u00a0\u00a0\u00a0\u00a0\u00a0\u00a0\u00a0\u00a0\u00a0\u00a0\u00a0\u00a0\u00a0\u00a0\u00a0\u00a0\u00a0\u00a0\u00a0\u00a0\u00a0\u00a0\u00a0\u00a0\u00a0\u00a0\u00a0\u00a0\u00a0\u00a0\u00a0\u00a0\u00a0\u00a0\u00a0\u00a0\u00a0\u00a0\u00a0\u00a0\u00a0\u00a0\u00a0\u00a0\u00a0\u00a0\u00a0\u00a0\u00a0\u00a0\u00a0\u00a0\u00a0\u00a0\u00a0\u00a0\u00a0\u00a0\u00a0\u00a0\u00a0\u00a0\u00a0\u00a0\u00a0\u00a0\u00a0\u00a0\u00a0\u00a0\u00a0\u00a0\u00a0\u00a0\u00a0\u00a0\u00a0\u00a0\u00a0\u00a0\u00a0\u00a0\u00a0\u00a0\u00a0\u00a0\u00a0\u00a0\u00a0\u00a0\u00a0\u00a0\u00a0\u00a0\u00a0\u00a0\u00a0\u00a0\u00a0\u00a0\u00a0\u00a0\u00a0\u00a0\u00a0\u00a0\u00a0\u00a0\u00a0\u00a0\u00a0\u00a0\u00a0\u00a0\u00a0\u00a0\u00a0\u00a0\u00a0\u00a0\u00a0\u00a0\u00a0\u00a0\u00a0\u00a0\u00a0\u00a0\u00a0\u00a0\u00a0\u00a0\u00a0\u00a0\u00a0\u00a0\u00a0\u00a0\u00a0\u00a0\u00a0\u00a0\u00a0\u00a0\u00a0\u00a0\u00a0\u00a0\u00a0\u00a0\u00a0\u00a0\u00a0\u00a0\u00a0\u00a0\u00a0\u00a0\u00a0\u00a0\u00a0\u00a0\u00a0\u00a0\u00a0\u00a0\u00a0\u00a0\u00a0\u00a0\u00a0\u00a0\u00a0\u00a0\u00a0\u00a0\u00a0\u00a0\u00a0\u00a0\u00a0\u00a0\u00a0\u00a0\u00a0\u00a0\u00a0\u00a0\u00a0\u00a0\u00a0\u00a0\u00a0\u00a0\u00a0\u00a0\u00a0\u00a0\u00a0\u00a0\u00a0\u00a0\u00a0\u00a0\u00a0\u00a0\u00a0\u00a0\u00a0\u00a0\u00a0\u00a0\u00a0\u00a0\u00a0\u00a0\u00a0\u00a0\u00a0\u00a0\u00a0\u00a0\u00a0\u00a0\u00a0\u00a0\u00a0\u00a0\u00a0\u00a0\u00a0\u00a0\u00a0\u00a0\u00a0\u00a0\u00a0\u00a0\u00a0\u00a0\u00a0\u00a0\u00a0\u00a0\u00a0\u00a0\u00a0\u00a0\u00a0\u00a0\u00a0\u00a0\u00a0U nadahnutoj homiliji zlatomisnik se osvrnuo na apostolske prvake sv. Petra i Pavla, na njihov \u017eivot, poslanje, vjeru i svjedo\u010denje. Upitao se: \u201e\u0160to mi mo\u017eemo danas od njih nau\u010diti, zaklju\u010diti, dobiti, usvojiti i \u017eivjeti? Sv. Petar i Pavao nisu bili odmah sveti. Sv. Pavao je bio pametan, \u0161kolovan i na kraju progonitelj kr\u0161\u0107ana dok nije nai\u0161ao na Isusa na putu za Damask i pao s konja kada je \u010duo glas: &#8216;Savle, Savle, za\u0161to me progoni\u0161?&#8217; Tada je promijenio svoje ime iz Savla u Pavao. Dobio je novu zada\u0107u: da bude Kristov apostol. Za\u0161to je Isus izabrao Petra i Pavla? Pavao je progonio kr\u0161\u0107ane, a Petar je zanijekao Isusa, a danas su najve\u0107i \u0161to mogu biti. Danas od njih mo\u017eemo nau\u010diti da nitko od nas ne mo\u017ee biti odba\u010den, da ne znam kakav je.\u201c<\/p>\n<p style=\"font-weight: 400;\">Pre\u010d. Topolnjak naglasio je da danas slavimo pobjedu sv. Petra i Pavla, dan njihovog mu\u010deni\u0161tva kad su ispili \u010da\u0161u Gospodnju i postali Bo\u017eji prijatelji. To je znak Bo\u017eje pobjede u njihovim \u017eivotima. Sli\u010dno je i danas: kad se na\u0111emo u raznim ku\u0161njama i nevoljama, Bog \u0107e pobijediti, a na\u0161e je ne gubiti nadu, ve\u0107 se uzdati u Bo\u017eju rije\u010d. Petar i Pavao bili su svjedoci Istine, \u0161to su kroz povijest bili mnogi kr\u0161\u0107ani, a na \u0161to smo i mi danas pozvani, da Isus zra\u010di u nama, da bude po nama vidljiv u dana\u0161njem svijetu u kojemu se doga\u0111aju trajni napadi na kr\u0161\u0107ansku vjeru. No snagu za \u017eivot daje nam vjera, Euharistija, molitva i dnevno svjedo\u010denje. Kr\u0161\u0107anin je pozvan biti druga\u010diji: \u017eivjeti ono \u0161to nau\u010dava vjera i biti spreman odre\u0107i se sebe. Tko se nije kadar odre\u0107i sebe, ne mo\u017ee biti Bo\u017eji. Isus je izgradio Crkvu na Petrovoj vjeri i povjerio mu zada\u0107u da bude stijena u toj Crkvi. Ne \u017eivi se od nevjere, ve\u0107 od predanja, od krvi i od ljubavi, rekao je propovjednik.<\/p>\n<p style=\"font-weight: 400;\">\u201eMolimo Petra i Pavla da nam kod Isusa izmole jakost vjere koju su oni imali&#8230; Oni su sve ostavili i po\u0161li za Isusom. Da li bi mi mogli tako napraviti i po\u0107i za njim? Molimo ih da stoje uz svoju Crkvu. Petar je dobio zada\u0107u da bude nepokolebljiv, a Pavao da produbi vjeru u Crkvi. Molimo njihovu pomo\u0107, zagovor i za\u0161titu da i mi tako \u017eivimo\u201c, za\u017eelio je zlatomisnik.<\/p>\n<p style=\"font-weight: 400;\">Misno slavlje u kojemu je pre\u010d. Topolnjak \u017eelio zajedno sa sestrama zahvaliti Gospi Karmelskoj na daru sve\u0107eni\u0161tva i 50. obljetnici sve\u0107eni\u010dkog jubileja uveli\u010dale su svojim pjevanjem \u010duvarice sveti\u0161ta, a narod im se pridru\u017eio.<\/p>\n<div id='gallery-1' class='gallery galleryid-20435 gallery-columns-3 gallery-size-medium'><figure class='gallery-item'>\n\t\t\t<div class='gallery-icon landscape'>\n\t\t\t\t<a href='https:\/\/karmel.hr\/wp-content\/uploads\/2023\/06\/DSCN8441.jpg'><img loading=\"lazy\" decoding=\"async\" width=\"300\" height=\"225\" src=\"https:\/\/karmel.hr\/wp-content\/uploads\/2023\/06\/DSCN8441-300x225.jpg\" class=\"attachment-medium size-medium\" alt=\"\" srcset=\"https:\/\/karmel.hr\/wp-content\/uploads\/2023\/06\/DSCN8441-300x225.jpg 300w, https:\/\/karmel.hr\/wp-content\/uploads\/2023\/06\/DSCN8441-1024x768.jpg 1024w, https:\/\/karmel.hr\/wp-content\/uploads\/2023\/06\/DSCN8441-768x576.jpg 768w, https:\/\/karmel.hr\/wp-content\/uploads\/2023\/06\/DSCN8441-1536x1152.jpg 1536w, https:\/\/karmel.hr\/wp-content\/uploads\/2023\/06\/DSCN8441.jpg 1920w\" sizes=\"auto, (max-width: 300px) 100vw, 300px\" \/><\/a>\n\t\t\t<\/div><\/figure><figure class='gallery-item'>\n\t\t\t<div class='gallery-icon landscape'>\n\t\t\t\t<a href='https:\/\/karmel.hr\/wp-content\/uploads\/2023\/06\/DSCN8445-002.jpg'><img loading=\"lazy\" decoding=\"async\" width=\"300\" height=\"225\" src=\"https:\/\/karmel.hr\/wp-content\/uploads\/2023\/06\/DSCN8445-002-300x225.jpg\" class=\"attachment-medium size-medium\" alt=\"\" srcset=\"https:\/\/karmel.hr\/wp-content\/uploads\/2023\/06\/DSCN8445-002-300x225.jpg 300w, https:\/\/karmel.hr\/wp-content\/uploads\/2023\/06\/DSCN8445-002-1024x768.jpg 1024w, https:\/\/karmel.hr\/wp-content\/uploads\/2023\/06\/DSCN8445-002-768x576.jpg 768w, https:\/\/karmel.hr\/wp-content\/uploads\/2023\/06\/DSCN8445-002-1536x1152.jpg 1536w, https:\/\/karmel.hr\/wp-content\/uploads\/2023\/06\/DSCN8445-002.jpg 1920w\" sizes=\"auto, (max-width: 300px) 100vw, 300px\" \/><\/a>\n\t\t\t<\/div><\/figure><figure class='gallery-item'>\n\t\t\t<div class='gallery-icon landscape'>\n\t\t\t\t<a href='https:\/\/karmel.hr\/wp-content\/uploads\/2023\/06\/DSCN8447-002.jpg'><img loading=\"lazy\" decoding=\"async\" width=\"300\" height=\"225\" src=\"https:\/\/karmel.hr\/wp-content\/uploads\/2023\/06\/DSCN8447-002-300x225.jpg\" class=\"attachment-medium size-medium\" alt=\"\" srcset=\"https:\/\/karmel.hr\/wp-content\/uploads\/2023\/06\/DSCN8447-002-300x225.jpg 300w, https:\/\/karmel.hr\/wp-content\/uploads\/2023\/06\/DSCN8447-002-1024x768.jpg 1024w, https:\/\/karmel.hr\/wp-content\/uploads\/2023\/06\/DSCN8447-002-768x576.jpg 768w, https:\/\/karmel.hr\/wp-content\/uploads\/2023\/06\/DSCN8447-002-1536x1152.jpg 1536w, https:\/\/karmel.hr\/wp-content\/uploads\/2023\/06\/DSCN8447-002.jpg 1920w\" sizes=\"auto, (max-width: 300px) 100vw, 300px\" \/><\/a>\n\t\t\t<\/div><\/figure>\n\t\t<\/div>\n\n","protected":false},"excerpt":{"rendered":"<p>Pre\u010dasni gospodin Ivan Topolnjak, dosada\u0161nji \u017eupnik \u017dupe svetih an\u0111ela u zagreba\u010dkom Savskom gaju, obilje\u017eio je na Petrovo, u \u010detvrtak 29. lipnja 2023. godine u Karmelu u Brezovici svoju 50. obljetnicu sve\u0107eni\u0161tva. Uz njega je koncelebrirao pre\u010dasni gospodin Stjepan Bradica, kanonik.<\/p>\n","protected":false},"author":2,"featured_media":20438,"comment_status":"open","ping_status":"open","sticky":false,"template":"","format":"standard","meta":{"_jetpack_memberships_contains_paid_content":false,"footnotes":"","jetpack_publicize_message":"","jetpack_publicize_feature_enabled":true,"jetpack_social_post_already_shared":true,"jetpack_social_options":{"image_generator_settings":{"template":"highway","default_image_id":0,"font":"","enabled":false},"version":2}},"categories":[1],"tags":[],"class_list":["post-20435","post","type-post","status-publish","format-standard","has-post-thumbnail","hentry","category-nekategorizirano"],"jetpack_publicize_connections":[],"jetpack_featured_media_url":"https:\/\/karmel.hr\/wp-content\/uploads\/2023\/06\/DSCN8447-002.jpg","jetpack_sharing_enabled":true,"jetpack-related-posts":[],"_links":{"self":[{"href":"https:\/\/karmel.hr\/index.php?rest_route=\/wp\/v2\/posts\/20435","targetHints":{"allow":["GET"]}}],"collection":[{"href":"https:\/\/karmel.hr\/index.php?rest_route=\/wp\/v2\/posts"}],"about":[{"href":"https:\/\/karmel.hr\/index.php?rest_route=\/wp\/v2\/types\/post"}],"author":[{"embeddable":true,"href":"https:\/\/karmel.hr\/index.php?rest_route=\/wp\/v2\/users\/2"}],"replies":[{"embeddable":true,"href":"https:\/\/karmel.hr\/index.php?rest_route=%2Fwp%2Fv2%2Fcomments&post=20435"}],"version-history":[{"count":1,"href":"https:\/\/karmel.hr\/index.php?rest_route=\/wp\/v2\/posts\/20435\/revisions"}],"predecessor-version":[{"id":20439,"href":"https:\/\/karmel.hr\/index.php?rest_route=\/wp\/v2\/posts\/20435\/revisions\/20439"}],"wp:featuredmedia":[{"embeddable":true,"href":"https:\/\/karmel.hr\/index.php?rest_route=\/wp\/v2\/media\/20438"}],"wp:attachment":[{"href":"https:\/\/karmel.hr\/index.php?rest_route=%2Fwp%2Fv2%2Fmedia&parent=20435"}],"wp:term":[{"taxonomy":"category","embeddable":true,"href":"https:\/\/karmel.hr\/index.php?rest_route=%2Fwp%2Fv2%2Fcategories&post=20435"},{"taxonomy":"post_tag","embeddable":true,"href":"https:\/\/karmel.hr\/index.php?rest_route=%2Fwp%2Fv2%2Ftags&post=20435"}],"curies":[{"name":"wp","href":"https:\/\/api.w.org\/{rel}","templated":true}]}}