{"id":20500,"date":"2023-07-17T11:45:19","date_gmt":"2023-07-17T09:45:19","guid":{"rendered":"https:\/\/karmel.hr\/?p=20500"},"modified":"2023-07-17T11:47:16","modified_gmt":"2023-07-17T09:47:16","slug":"rijec-u-karmelu-donosi-plod","status":"publish","type":"post","link":"https:\/\/karmel.hr\/?p=20500","title":{"rendered":"Rije\u010d u Karmelu donosi plod"},"content":{"rendered":"<p style=\"font-weight: 400;\">U nedjelju 16. srpnja 2023. sve\u010danim euharistijskim slavljem koje je predvodio zadarski nadbiskup mons. Milan Zgrabli\u0107 proslavljena je svetkovina Gospe Karmelske u Karmelu Majke Bo\u017eje Bistri\u010dke i bl. Alojzija Stepinca u Mariji Bistrici.<!--more--> U koncelebraciji su bili i postulator za kauze svetaca i bla\u017eenika zagreba\u010dke nadbiskupije mons. Juraj Batelja te supsidijar u bistri\u010dkom sveti\u0161tu vl\u010d. Kornelije Grgi\u0107. Za asistenciju kod misnog slavlja pobrinuli su se bogoslovi Luka \u017de\u017eelj i Kristijan Koloni\u0107.<\/p>\n<p style=\"font-weight: 400;\">U propovijedi je mons. Zgrabli\u0107 spretno povezao bogatstvo karmelske duhovnosti s evan\u0111eljem dana. Istaknuv\u0161i zna\u010denje hebrejske rije\u010di &#8216;karmel&#8217;, koja ozna\u010dava plodnu zemlju ili plodan vinograd, ukazao je na to da je upravo ta plodna zemlja ona u kojoj sjeme rije\u010di mo\u017ee donijeti deseterostruk, trideseterostruk ili stostruk plod \u017eivota. Sin Bo\u017eji onaj je koji sije rije\u010d, a svi smo zajedno pozvani klicati i veseliti se jer rije\u010d u na\u0161em karmelu donosi plod spasenja \u017eivota.<\/p>\n<p style=\"font-weight: 400;\">\u201eBla\u017eena Djevica Marija je nepodijeljenim srcem pripadala Bogu i njeno je srce bilo pravi karmel, plodna zemlja, jer je plod njezine utrobe, Isus, nama postao hrana \u017eivota vje\u010dnoga\u201c, rekao je.<\/p>\n<p style=\"font-weight: 400;\">Na zavr\u0161etku propovijedi mons. Zgrabli\u0107 je zahvalio bistri\u010dkim karmeli\u0107ankama, kao i svim drugim zajednicama kontemplativnog \u017eivota, na molitvi i svjedo\u010danstvu \u017eivota s Bogom, rekav\u0161i izme\u0111u ostalog: \u201eOve nam sestre koje se vi\u0161e puta dnevno okupljaju na zajedni\u010dku molitvu, oficij, svjedo\u010de kako najdublja \u010de\u017enja na\u0161eg ljudskog srca, \u010de\u017enja vjernika kao i nevjernika, \u010de\u017enja za smislom, puninom sre\u0107e i dobra, u kona\u010dnici \u010de\u017enja za Bogom, za kraljevstvom nebeskim, nije besmislena, ne zavr\u0161ava u praznini. Dapa\u010de, pokazuje nam ne samo da mi za Bogom \u010deznemo, nego da je Bog onaj koji tu \u010de\u017enju za njim u na\u0161em srcu budi kako bismo ga mogli sresti, upoznati, ljubiti i biti dionici njegove vje\u010dne ljubavi i vje\u010dnog \u017eivota.\u201c<\/p>\n<p style=\"font-weight: 400;\">Nakon zavr\u0161etka misnog slavlja vjernici koji su to \u017eeljeli mogli su obu\u0107i karmelski \u0161kapular. Obred obla\u010denja predvodio je vl\u010d. Kornelije Grgi\u0107.<\/p>\n<p style=\"font-weight: 400;\">Jutarnju sv. Misu svetkovine Gospe Karmelske u bistri\u010dkom je Karmelu ove godine predslavio p. Stjepan Horvat, CPPS, koji je vjernicima ujedno bio na raspolaganju za svetu ispovijed tijekom sredi\u0161njeg misnog slavlja. Proslavi sredi\u0161nje svetkovine Karmelskog reda prethodila je trodnevna priprava u kojoj su sudjelovali ovogodi\u0161nji mladomisnici vl\u010d. Krunoslav Hikec 13. srpnja (svetkovina Majke Bo\u017eje Bistri\u010dke), vl\u010d. Josip \u0160poljari\u0107 14. srpnja, te fra Ivan Maji\u0107, OFM, 15. srpnja.<\/p>\n<div id='gallery-1' class='gallery galleryid-20500 gallery-columns-3 gallery-size-thumbnail'><figure class='gallery-item'>\n\t\t\t<div class='gallery-icon landscape'>\n\t\t\t\t<a href='https:\/\/karmel.hr\/wp-content\/uploads\/2023\/07\/P1040342.jpg'><img loading=\"lazy\" decoding=\"async\" width=\"150\" height=\"150\" src=\"https:\/\/karmel.hr\/wp-content\/uploads\/2023\/07\/P1040342-150x150.jpg\" class=\"attachment-thumbnail size-thumbnail\" alt=\"\" \/><\/a>\n\t\t\t<\/div><\/figure><figure class='gallery-item'>\n\t\t\t<div class='gallery-icon landscape'>\n\t\t\t\t<a href='https:\/\/karmel.hr\/wp-content\/uploads\/2023\/07\/P1040361.jpg'><img loading=\"lazy\" decoding=\"async\" width=\"150\" height=\"150\" src=\"https:\/\/karmel.hr\/wp-content\/uploads\/2023\/07\/P1040361-150x150.jpg\" class=\"attachment-thumbnail size-thumbnail\" alt=\"\" \/><\/a>\n\t\t\t<\/div><\/figure><figure class='gallery-item'>\n\t\t\t<div class='gallery-icon landscape'>\n\t\t\t\t<a href='https:\/\/karmel.hr\/wp-content\/uploads\/2023\/07\/P1040365.jpg'><img loading=\"lazy\" decoding=\"async\" width=\"150\" height=\"150\" src=\"https:\/\/karmel.hr\/wp-content\/uploads\/2023\/07\/P1040365-150x150.jpg\" class=\"attachment-thumbnail size-thumbnail\" alt=\"\" \/><\/a>\n\t\t\t<\/div><\/figure><figure class='gallery-item'>\n\t\t\t<div class='gallery-icon landscape'>\n\t\t\t\t<a href='https:\/\/karmel.hr\/wp-content\/uploads\/2023\/07\/P1040379.jpg'><img loading=\"lazy\" decoding=\"async\" width=\"150\" height=\"150\" src=\"https:\/\/karmel.hr\/wp-content\/uploads\/2023\/07\/P1040379-150x150.jpg\" class=\"attachment-thumbnail size-thumbnail\" alt=\"\" \/><\/a>\n\t\t\t<\/div><\/figure><figure class='gallery-item'>\n\t\t\t<div class='gallery-icon landscape'>\n\t\t\t\t<a href='https:\/\/karmel.hr\/wp-content\/uploads\/2023\/07\/P1040388.jpg'><img loading=\"lazy\" decoding=\"async\" width=\"150\" height=\"150\" src=\"https:\/\/karmel.hr\/wp-content\/uploads\/2023\/07\/P1040388-150x150.jpg\" class=\"attachment-thumbnail size-thumbnail\" alt=\"\" \/><\/a>\n\t\t\t<\/div><\/figure><figure class='gallery-item'>\n\t\t\t<div class='gallery-icon landscape'>\n\t\t\t\t<a href='https:\/\/karmel.hr\/wp-content\/uploads\/2023\/07\/P1040390.jpg'><img loading=\"lazy\" decoding=\"async\" width=\"150\" height=\"150\" src=\"https:\/\/karmel.hr\/wp-content\/uploads\/2023\/07\/P1040390-150x150.jpg\" class=\"attachment-thumbnail size-thumbnail\" alt=\"\" \/><\/a>\n\t\t\t<\/div><\/figure>\n\t\t<\/div>\n\n","protected":false},"excerpt":{"rendered":"<p>U nedjelju 16. srpnja 2023. sve\u010danim euharistijskim slavljem koje je predvodio zadarski nadbiskup mons. Milan Zgrabli\u0107 proslavljena je svetkovina Gospe Karmelske u Karmelu Majke Bo\u017eje Bistri\u010dke i bl. Alojzija Stepinca u Mariji Bistrici.<\/p>\n","protected":false},"author":2,"featured_media":20505,"comment_status":"open","ping_status":"open","sticky":false,"template":"","format":"standard","meta":{"_jetpack_memberships_contains_paid_content":false,"footnotes":"","jetpack_publicize_message":"","jetpack_publicize_feature_enabled":true,"jetpack_social_post_already_shared":true,"jetpack_social_options":{"image_generator_settings":{"template":"highway","default_image_id":0,"font":"","enabled":false},"version":2}},"categories":[1],"tags":[],"class_list":["post-20500","post","type-post","status-publish","format-standard","has-post-thumbnail","hentry","category-nekategorizirano"],"jetpack_publicize_connections":[],"jetpack_featured_media_url":"https:\/\/karmel.hr\/wp-content\/uploads\/2023\/07\/P1040388.jpg","jetpack_sharing_enabled":true,"jetpack-related-posts":[],"_links":{"self":[{"href":"https:\/\/karmel.hr\/index.php?rest_route=\/wp\/v2\/posts\/20500","targetHints":{"allow":["GET"]}}],"collection":[{"href":"https:\/\/karmel.hr\/index.php?rest_route=\/wp\/v2\/posts"}],"about":[{"href":"https:\/\/karmel.hr\/index.php?rest_route=\/wp\/v2\/types\/post"}],"author":[{"embeddable":true,"href":"https:\/\/karmel.hr\/index.php?rest_route=\/wp\/v2\/users\/2"}],"replies":[{"embeddable":true,"href":"https:\/\/karmel.hr\/index.php?rest_route=%2Fwp%2Fv2%2Fcomments&post=20500"}],"version-history":[{"count":1,"href":"https:\/\/karmel.hr\/index.php?rest_route=\/wp\/v2\/posts\/20500\/revisions"}],"predecessor-version":[{"id":20507,"href":"https:\/\/karmel.hr\/index.php?rest_route=\/wp\/v2\/posts\/20500\/revisions\/20507"}],"wp:featuredmedia":[{"embeddable":true,"href":"https:\/\/karmel.hr\/index.php?rest_route=\/wp\/v2\/media\/20505"}],"wp:attachment":[{"href":"https:\/\/karmel.hr\/index.php?rest_route=%2Fwp%2Fv2%2Fmedia&parent=20500"}],"wp:term":[{"taxonomy":"category","embeddable":true,"href":"https:\/\/karmel.hr\/index.php?rest_route=%2Fwp%2Fv2%2Fcategories&post=20500"},{"taxonomy":"post_tag","embeddable":true,"href":"https:\/\/karmel.hr\/index.php?rest_route=%2Fwp%2Fv2%2Ftags&post=20500"}],"curies":[{"name":"wp","href":"https:\/\/api.w.org\/{rel}","templated":true}]}}