{"id":20528,"date":"2023-07-20T22:21:09","date_gmt":"2023-07-20T20:21:09","guid":{"rendered":"https:\/\/karmel.hr\/?p=20528"},"modified":"2023-07-20T22:21:09","modified_gmt":"2023-07-20T20:21:09","slug":"samostan-gospe-karmelske-u-somboru-proslavio-svoju-zastitnicu","status":"publish","type":"post","link":"https:\/\/karmel.hr\/?p=20528","title":{"rendered":"Samostan Gospe Karmelske u Somboru proslavio svoju za\u0161titnicu"},"content":{"rendered":"<p style=\"font-weight: 400;\">Svetkovina Gospe Karmelske u somborskom Karmelu uvijek se sve\u010dano slavila. Tako je bilo i ove godine. \u010cinjenica da ve\u0107 nekoliko godina nema misa na slova\u010dkom i njema\u010dkom jeziku \u2013 jer nema vjernika \u2013 te su ostale samo mise na ma\u0111arskom i hrvatskom jeziku, ne umanjuje zna\u010daj proslave ove svetkovine.<!--more--><\/p>\n<p style=\"font-weight: 400;\">Svetu misu na ma\u0111arskom jeziku u 9 sati predslavio je mons. Ferenc Fazeka\u0161, dijecezanski upravitelj Suboti\u010dke biskupije, a koncelebrirao je o. Stjepan Vidak, prior samostana. Po\u0161to je bila nedjelja, sve\u0107enici nisu mogli do\u0107i u koncelebraciju jer imaju svete mise na \u017eupama. Sviranje i pjevanje na svetoj misi animirala je orgulja\u0161ica \u00c9va Matijevics i par zbora\u0161ica iz Subotice, a njima su se pridru\u017eili i na\u0161i pjeva\u010di. Ministrirali su br. Josip Marija i postulant Mislav. Nakon svete mise vjernici su pozvani na okrepu i dru\u017eenje u na\u0161e samostansko dvori\u0161te gdje su ih \u010dekali na\u0161i slu\u017eitelji oko stolova.<\/p>\n<p style=\"font-weight: 400;\">Misu na hrvatskom jeziku u 11 sati predslavio je mons. \u0110ura D\u017eud\u017ear, eparh (episkop, vladika, biskup) grkokatoli\u010dke eparhije svetog Nikolaja koja ima sjedi\u0161te u Ruskom Krsturu, a obuhva\u0107a oko 20 000 tisu\u0107a vjernika Rusina, Ukrajinaca i Rumunja u Republici Srbiji. Uz njega su u koncelebraciji bili mons. Ferenc Fazeka\u0161, vl\u010d. Dominik Ralbovsky, vl\u010d. \u00c1rp\u00e1d P\u00e1sztor, \u017eupnik iz Tele\u010dke, te o. Sre\u0107ko Rimac, o. Nikola Grizelj i o. Stjepan. O. Zlatko je bio ceremonijar, a u asistenciji su bili na\u0161i postulanti i bogoslovi, ministranti Aleksej i Nikola te mladi\u0107 Andrija iz Selen\u010de. Vladika je dakako slu\u017eio euharistiju po latinskom obredu. Crkva je bila lijepo popunjena vjernicima koji su do\u0161li i iz drugih mjesta i \u017eupa. Po\u010dastile su nas svojim prisustvom i redovnice Marijine sestre \u010dudotvorne medaljice iz Osijeka, redovnice dru\u017ebe koja je nekad imala samostane u Somboru i Apatinu i bavila se njegom bolesnika. Dana 16. srpnja 1878. njihovu je dru\u017ebu slu\u017ebeno utemeljila sestra Leopoldina Brandis u Ljubljani. Redovni\u010dku prisutnost su poja\u010dale i dvije grkokatoli\u010dke redovnice slu\u017ebenice Bezgre\u0161ne Device Marije koje su bile u pratnji vladike D\u017eud\u017eara.<\/p>\n<p style=\"font-weight: 400;\">U 11 sati krenula je procesija iz dvori\u0161ta samostana prema ulazu crkve. U procesiji su djevojke u narodnim no\u0161njama nosile kip Bla\u017eene Djevice Marije od Gore Karmela. Bilo je i drugih vjernika u narodnim no\u0161njama, a i bra\u0107a i sestre iz Svjetovnog reda imali su svoje istaknuto mjesto. Nakon mise uslijedilo je dru\u017eenje i okrepa u na\u0161em dvori\u0161tu, a potom ru\u010dak za predvi\u0111ene goste i dobro\u010dinitelje u blagovaonici. Nakon \u0161to su zavr\u0161ili sa svojim sve\u0107eni\u010dkim obvezama na \u017eupama, zajedni\u010dkom stolu su se pridru\u017eili vl\u010d. Franjo Ivankovi\u0107, \u017eupnik u \u017dedniku, vl\u010d. Jakob Pfeifer, \u017eupnik u Od\u017eacima i Apatinu te vl\u010d. Josip \u0160tefkovi\u0107, dekan somborskog dekanata i \u017eupnik \u017eupa Uzvi\u0161enja sv. Kri\u017ea i sv. Nikole Taveli\u0107a u Somboru. Liturgijska proslava ovog dana zavr\u0161ila je misom u 18 i 30 koju je predslavio o. Zlatko \u017duvela.<\/p>\n<p style=\"font-weight: 400;\">Zahvaljujemo svim dobro\u010diniteljima koji nam poma\u017eu u ovakvim prilikama na razne na\u010dine, a ovaj put posebno zahvaljujemo na\u0161oj bra\u0107i o. Nikoli, br. Josipu Mariji i br. Mihaelu Mariji na njihovoj prisutnosti i pomo\u0107i u ovom slavlju.<\/p>\n<p style=\"font-weight: 400;\">Hvala Bogu i Majci i Kraljici Karmela na ovoj lijepoj proslavi i zajedni\u0161tvu.<\/p>\n<div id='gallery-1' class='gallery galleryid-20528 gallery-columns-5 gallery-size-thumbnail'><figure class='gallery-item'>\n\t\t\t<div class='gallery-icon landscape'>\n\t\t\t\t<a href='https:\/\/karmel.hr\/wp-content\/uploads\/2023\/07\/1.jpg'><img loading=\"lazy\" decoding=\"async\" width=\"150\" height=\"150\" src=\"https:\/\/karmel.hr\/wp-content\/uploads\/2023\/07\/1-150x150.jpg\" class=\"attachment-thumbnail size-thumbnail\" alt=\"\" \/><\/a>\n\t\t\t<\/div><\/figure><figure class='gallery-item'>\n\t\t\t<div class='gallery-icon portrait'>\n\t\t\t\t<a href='https:\/\/karmel.hr\/wp-content\/uploads\/2023\/07\/2.jpg'><img loading=\"lazy\" decoding=\"async\" width=\"150\" height=\"150\" src=\"https:\/\/karmel.hr\/wp-content\/uploads\/2023\/07\/2-150x150.jpg\" class=\"attachment-thumbnail size-thumbnail\" alt=\"\" \/><\/a>\n\t\t\t<\/div><\/figure><figure class='gallery-item'>\n\t\t\t<div class='gallery-icon portrait'>\n\t\t\t\t<a href='https:\/\/karmel.hr\/wp-content\/uploads\/2023\/07\/3.jpg'><img loading=\"lazy\" decoding=\"async\" width=\"150\" height=\"150\" src=\"https:\/\/karmel.hr\/wp-content\/uploads\/2023\/07\/3-150x150.jpg\" class=\"attachment-thumbnail size-thumbnail\" alt=\"\" \/><\/a>\n\t\t\t<\/div><\/figure><figure class='gallery-item'>\n\t\t\t<div class='gallery-icon landscape'>\n\t\t\t\t<a href='https:\/\/karmel.hr\/wp-content\/uploads\/2023\/07\/4.jpg'><img loading=\"lazy\" decoding=\"async\" width=\"150\" height=\"150\" src=\"https:\/\/karmel.hr\/wp-content\/uploads\/2023\/07\/4-150x150.jpg\" class=\"attachment-thumbnail size-thumbnail\" alt=\"\" \/><\/a>\n\t\t\t<\/div><\/figure><figure class='gallery-item'>\n\t\t\t<div class='gallery-icon landscape'>\n\t\t\t\t<a href='https:\/\/karmel.hr\/wp-content\/uploads\/2023\/07\/5.jpg'><img loading=\"lazy\" decoding=\"async\" width=\"150\" height=\"150\" src=\"https:\/\/karmel.hr\/wp-content\/uploads\/2023\/07\/5-150x150.jpg\" class=\"attachment-thumbnail size-thumbnail\" alt=\"\" \/><\/a>\n\t\t\t<\/div><\/figure><figure class='gallery-item'>\n\t\t\t<div class='gallery-icon portrait'>\n\t\t\t\t<a href='https:\/\/karmel.hr\/wp-content\/uploads\/2023\/07\/6.jpg'><img loading=\"lazy\" decoding=\"async\" width=\"150\" height=\"150\" src=\"https:\/\/karmel.hr\/wp-content\/uploads\/2023\/07\/6-150x150.jpg\" class=\"attachment-thumbnail size-thumbnail\" alt=\"\" \/><\/a>\n\t\t\t<\/div><\/figure><figure class='gallery-item'>\n\t\t\t<div class='gallery-icon landscape'>\n\t\t\t\t<a href='https:\/\/karmel.hr\/wp-content\/uploads\/2023\/07\/7.jpg'><img loading=\"lazy\" decoding=\"async\" width=\"150\" height=\"150\" src=\"https:\/\/karmel.hr\/wp-content\/uploads\/2023\/07\/7-150x150.jpg\" class=\"attachment-thumbnail size-thumbnail\" alt=\"\" \/><\/a>\n\t\t\t<\/div><\/figure><figure class='gallery-item'>\n\t\t\t<div class='gallery-icon portrait'>\n\t\t\t\t<a href='https:\/\/karmel.hr\/wp-content\/uploads\/2023\/07\/8.jpg'><img loading=\"lazy\" decoding=\"async\" width=\"150\" height=\"150\" src=\"https:\/\/karmel.hr\/wp-content\/uploads\/2023\/07\/8-150x150.jpg\" class=\"attachment-thumbnail size-thumbnail\" alt=\"\" \/><\/a>\n\t\t\t<\/div><\/figure><figure class='gallery-item'>\n\t\t\t<div class='gallery-icon portrait'>\n\t\t\t\t<a href='https:\/\/karmel.hr\/wp-content\/uploads\/2023\/07\/9.jpg'><img loading=\"lazy\" decoding=\"async\" width=\"150\" height=\"150\" src=\"https:\/\/karmel.hr\/wp-content\/uploads\/2023\/07\/9-150x150.jpg\" class=\"attachment-thumbnail size-thumbnail\" alt=\"\" \/><\/a>\n\t\t\t<\/div><\/figure><figure class='gallery-item'>\n\t\t\t<div class='gallery-icon landscape'>\n\t\t\t\t<a href='https:\/\/karmel.hr\/wp-content\/uploads\/2023\/07\/10.jpg'><img loading=\"lazy\" decoding=\"async\" width=\"150\" height=\"150\" src=\"https:\/\/karmel.hr\/wp-content\/uploads\/2023\/07\/10-150x150.jpg\" class=\"attachment-thumbnail size-thumbnail\" alt=\"\" \/><\/a>\n\t\t\t<\/div><\/figure>\n\t\t<\/div>\n\n","protected":false},"excerpt":{"rendered":"<p>Svetkovina Gospe Karmelske u somborskom Karmelu uvijek se sve\u010dano slavila. Tako je bilo i ove godine. \u010cinjenica da ve\u0107 nekoliko godina nema misa na slova\u010dkom i njema\u010dkom jeziku \u2013 jer nema vjernika \u2013 te su ostale samo mise na ma\u0111arskom i hrvatskom jeziku, ne umanjuje zna\u010daj proslave ove svetkovine.<\/p>\n","protected":false},"author":2,"featured_media":20535,"comment_status":"open","ping_status":"open","sticky":false,"template":"","format":"standard","meta":{"_jetpack_memberships_contains_paid_content":false,"footnotes":"","jetpack_publicize_message":"","jetpack_publicize_feature_enabled":true,"jetpack_social_post_already_shared":true,"jetpack_social_options":{"image_generator_settings":{"template":"highway","default_image_id":0,"font":"","enabled":false},"version":2}},"categories":[1],"tags":[],"class_list":["post-20528","post","type-post","status-publish","format-standard","has-post-thumbnail","hentry","category-nekategorizirano"],"jetpack_publicize_connections":[],"jetpack_featured_media_url":"https:\/\/karmel.hr\/wp-content\/uploads\/2023\/07\/7.jpg","jetpack_sharing_enabled":true,"jetpack-related-posts":[],"_links":{"self":[{"href":"https:\/\/karmel.hr\/index.php?rest_route=\/wp\/v2\/posts\/20528","targetHints":{"allow":["GET"]}}],"collection":[{"href":"https:\/\/karmel.hr\/index.php?rest_route=\/wp\/v2\/posts"}],"about":[{"href":"https:\/\/karmel.hr\/index.php?rest_route=\/wp\/v2\/types\/post"}],"author":[{"embeddable":true,"href":"https:\/\/karmel.hr\/index.php?rest_route=\/wp\/v2\/users\/2"}],"replies":[{"embeddable":true,"href":"https:\/\/karmel.hr\/index.php?rest_route=%2Fwp%2Fv2%2Fcomments&post=20528"}],"version-history":[{"count":1,"href":"https:\/\/karmel.hr\/index.php?rest_route=\/wp\/v2\/posts\/20528\/revisions"}],"predecessor-version":[{"id":20539,"href":"https:\/\/karmel.hr\/index.php?rest_route=\/wp\/v2\/posts\/20528\/revisions\/20539"}],"wp:featuredmedia":[{"embeddable":true,"href":"https:\/\/karmel.hr\/index.php?rest_route=\/wp\/v2\/media\/20535"}],"wp:attachment":[{"href":"https:\/\/karmel.hr\/index.php?rest_route=%2Fwp%2Fv2%2Fmedia&parent=20528"}],"wp:term":[{"taxonomy":"category","embeddable":true,"href":"https:\/\/karmel.hr\/index.php?rest_route=%2Fwp%2Fv2%2Fcategories&post=20528"},{"taxonomy":"post_tag","embeddable":true,"href":"https:\/\/karmel.hr\/index.php?rest_route=%2Fwp%2Fv2%2Ftags&post=20528"}],"curies":[{"name":"wp","href":"https:\/\/api.w.org\/{rel}","templated":true}]}}