{"id":20930,"date":"2023-10-18T12:39:30","date_gmt":"2023-10-18T10:39:30","guid":{"rendered":"https:\/\/karmel.hr\/?p=20930"},"modified":"2023-10-18T12:39:30","modified_gmt":"2023-10-18T10:39:30","slug":"svetkovina-sv-terezije-avilske-proslavljena-u-karmelu-u-brezovici","status":"publish","type":"post","link":"https:\/\/karmel.hr\/?p=20930","title":{"rendered":"Svetkovina sv. Terezije Avilske proslavljena u Karmelu u Brezovici"},"content":{"rendered":"<p style=\"font-weight: 400;\">Prvu \u017eenu nau\u010diteljicu Crkve, karmeli\u0107anku, obnoviteljicu Karmelskog reda i misti\u010darku proslavile su njezine duhovne k\u0107eri i njezini \u0161tovatelji u nedjelju, 15. listopada 2023., sve\u010danim prijepodnevnim i ve\u010dernjim misnim slavljem.<!--more--> Karmeli\u0107anin o. Ivan \u017divkovi\u0107, prior u zagreba\u010dkim Remetama, predslavio je poldanju sv. misu, a ve\u010dernju vl\u010d. dr. Andrija Mili\u010devi\u0107, tajnik zagreba\u010dkog nadbiskupa.<\/p>\n<p style=\"font-weight: 400;\">Uz o. \u017divkovi\u0107a suslavio je vl\u010d. mr. Mijo Mato\u0161evi\u0107, supsidiar u \u017eupi Stupnik \u2013 Lu\u010dko, a tu su bili i \u010dita\u010di i ministranti.<\/p>\n<p style=\"font-weight: 400;\">U uvodnim mislima predvoditelj slavlja se zahvalio dragome Bogu na daru velike svetice Terezije Avilske i rekao da nas je ona pou\u010dila gdje se nalazi Bog. Bog nije daleko, On se nalazi u na\u0161em srcu, samo trebamo njegovati taj nutarnji odnos s Bogom i svjedo\u010diti njegovu ljubav ovome svijetu.<\/p>\n<p style=\"font-weight: 400;\">U nadahnutoj homiliji osvrnuo se na zlatno doba \u0160panjolske, vrijeme u kojemu je Terezija \u017eivjela, kao i na sve neda\u0107e toga vremena, osobito one u Crkvi. U \u017eelji da pomogne Crkvi i svijetu Terezija je odlu\u010dila njegovati dublji odnos s Bogom.<\/p>\n<p style=\"font-weight: 400;\">\u201e\u0160to je mene dotaklo kod Terezije? Dama koja osvaja Isusa je poniznost. Biti ponizan je priznanje da smo ovisni o Bogu; da bez njega ne mo\u017eemo ni\u0161ta, da smo sve darove i talente koje imamo primili od Boga. Ponizan \u010dovjek zna \u017eivjeti u Istini, u Kristu; spreman je svjedo\u010diti za Krista\u201c, naglasio je o. Ivan. Zatim je rekao da ponizan \u010dovjek ne mrmlja, ne osu\u0111uje druge, ve\u0107 ih blagoslivlja i moli za njih. Nasuprot te poniznosti stoji oholost i slava svijeta. Zbog takvog svjetovnog duha gubimo snagu za prijateljstvo s Bogom, odnosno gubimo snagu za <em>unutarnju molitvu koja je prijateljski susret s Onim za koga znamo da nas voli<\/em>, kako u\u010di sv. Terezija Avilska. Jednako tako poru\u010dio je da nas Bog \u017eeli za svoje prijatelje i ako se dajemo \u010ditavi Njemu, On se \u010ditav daje nama. Iz tog prijateljstva s Gospodinom mi postajemo druga\u010diji. Gospodin nas mijenja i mi mu postajemo sli\u010dni.<\/p>\n<p style=\"font-weight: 400;\">Misno slavlje animirale su svojim skladnim pjevanjem sestre karmeli\u0107anke pod ravnanjem s. M. Bonite Kova\u010di\u0107, a zavr\u0161ilo je sve\u010danim blagoslovom i pjesmom \u201eKraljice svete Krunice\u201c.<\/p>\n<p style=\"font-weight: 400;\">Ve\u010dernju svetu misu predslavio je vl\u010d. Andrija Mili\u010devi\u0107 uz koncelebraciju vl\u010d. Vjekoslava Pavlovi\u0107a, \u017eupnika u Bla\u0161kovcu.<\/p>\n<p style=\"font-weight: 400;\">U uvodnim mislima predslavitelj je pozvao sve prisutne da dopuste Gospodinu da ih iznenadi i da dopuste sebi da susretnu Isusa.<\/p>\n<p style=\"font-weight: 400;\">Misao vodilja meditativne homilije bila je re\u010denica iz Evan\u0111elja svetkovine, koje je pro\u010ditao vl\u010d. Pavlovi\u0107, a koja glasi: \u201eGospodine, daj mi te vode\u201c ( Iv 4,15a). Naime, sv. Terezija od Isusa nadahnjivala se cijeli \u017eivot na tim rije\u010dima koje su joj bile kao nepresu\u0161ni zdenac, donose\u0107i joj uvijek ne\u0161to novo i poti\u010du\u0107i ju da gleda prema Gospodinu, prema \u017eivotu vje\u010dnomu. Simbol vode bio je jako va\u017ean za njezin duhovni rast, za duhovni put koji je ostavila svojim sestrama.<\/p>\n<p style=\"font-weight: 400;\">Isus je do\u0161ao u samarijanski grad Sihar. Ka\u017ee se da je Isus morao do\u0107i u taj grad da bi susreo Samarijanku i dao joj \u017eivot. \u017delio ju je susresti. Sihar je simbol Bo\u017ejeg spasenja, mjesto koje je sveto od po\u010detka. Me\u0111utim u jednom trenutku to mjesto postaje mjestom zaobila\u017eenja. I to je \u010dovjekov put. Na po\u010detku smo svi kr\u0161teni, a onda se malo po malo udaljujemo od Gospodina, te ga susre\u0107emo tamo gdje nikad ne bismo rekli da \u0107emo ga susresti: \u201eOva \u017eena susrela ga je na mjestu gdje ga nije o\u010dekivala i u vremenu u kojemu ga nije o\u010dekivala jer u podne na zdenac ide samo onaj tko \u017eeli biti skriven, tko ne \u017eeli da se pri\u010da o njemu. Ova \u017eena ide na taj zdenac jer je \u017eedna. Na tom zdencu susre\u0107e Isusa koji nije trebao biti tamo i ka\u017ee joj: &#8216;Daj mi piti!&#8217; Tri su stvari tu bitne: \u017eena, podne i \u017ee\u0111 za vodom. Isus samo na nekoliko mjesta u Evan\u0111elju nekoga oslovljava s rije\u010dju &#8216;\u017eena&#8217;. Svoju majku na svadbi u Kani i pod kri\u017eem, te Mariju Magdalenu na grobu. Susre\u0107u se oko \u0161este ure kada je Isus umro na kri\u017eu. Isto joj govori kao na kri\u017eu: &#8216;\u017dedan sam!&#8217; Isus susre\u0107e ovu \u017eenu kako bi odgovorio na njezinu potrebu. Govore\u0107i o toj njezinoj \u010de\u017enji, spu\u0161ta se jo\u0161 dublje\u201c, rekao je vl\u010d. Mili\u010devi\u0107.<\/p>\n<p style=\"font-weight: 400;\">Isus svakom \u010dovjeku upu\u0107uje svoj pogled pun ljubavi. To je ponizan pogled. O tome pi\u0161e i sv. Terezija u svojim djelima kada ka\u017ee: <em>Gledaj, On te gleda&#8230; Kada ne znate kako moliti, do\u0111ite pred Isusa i samo ga gledajte<\/em>. Potrebno je samo do\u0107i, pojaviti se u nezgodno vrijeme, mo\u017eda onda kad nam se ne da. Isusov pogled \u0107e nam dati puno vi\u0161e negoli smo sposobni moliti. Ne smijemo se bojati stati na Terezijin put i hodati njezinim koracima i stalno \u017ee\u0111ati: \u201eGospodine, daj mi te vode!\u201c<\/p>\n<p style=\"font-weight: 400;\">Na kraju sv. Mise predslavitelj je \u010destitao sestrama karmeli\u0107ankama svetkovinu te im za\u017eelio da budu hrabre poput sv. Terezije od Isusa, da se svakodnevno napajaju na tom \u017eivom vrelu Bo\u017eje ljubavi i da tu ljubav daruju drugima.<\/p>\n<p style=\"font-weight: 400;\">Svetu misu pratile su svojim skladnim pjevanjem \u010duvarice sveti\u0161ta pod ravnanjem s. M. Kristine Jadani\u0107. Misnim slavljima prethodila je molitva svete krunice i sve\u010dana Ve\u010dernja svetkovine.<\/p>\n<div id='gallery-1' class='gallery galleryid-20930 gallery-columns-3 gallery-size-thumbnail'><figure class='gallery-item'>\n\t\t\t<div class='gallery-icon landscape'>\n\t\t\t\t<a href='https:\/\/karmel.hr\/wp-content\/uploads\/2023\/10\/DSCN8849.jpg'><img loading=\"lazy\" decoding=\"async\" width=\"150\" height=\"150\" src=\"https:\/\/karmel.hr\/wp-content\/uploads\/2023\/10\/DSCN8849-150x150.jpg\" class=\"attachment-thumbnail size-thumbnail\" alt=\"\" \/><\/a>\n\t\t\t<\/div><\/figure><figure class='gallery-item'>\n\t\t\t<div class='gallery-icon landscape'>\n\t\t\t\t<a href='https:\/\/karmel.hr\/wp-content\/uploads\/2023\/10\/DSCN8850.jpg'><img loading=\"lazy\" decoding=\"async\" width=\"150\" height=\"150\" src=\"https:\/\/karmel.hr\/wp-content\/uploads\/2023\/10\/DSCN8850-150x150.jpg\" class=\"attachment-thumbnail size-thumbnail\" alt=\"\" \/><\/a>\n\t\t\t<\/div><\/figure><figure class='gallery-item'>\n\t\t\t<div class='gallery-icon landscape'>\n\t\t\t\t<a href='https:\/\/karmel.hr\/wp-content\/uploads\/2023\/10\/DSCN8858.jpg'><img loading=\"lazy\" decoding=\"async\" width=\"150\" height=\"150\" src=\"https:\/\/karmel.hr\/wp-content\/uploads\/2023\/10\/DSCN8858-150x150.jpg\" class=\"attachment-thumbnail size-thumbnail\" alt=\"\" \/><\/a>\n\t\t\t<\/div><\/figure><figure class='gallery-item'>\n\t\t\t<div class='gallery-icon landscape'>\n\t\t\t\t<a href='https:\/\/karmel.hr\/wp-content\/uploads\/2023\/10\/DSCN8875.jpg'><img loading=\"lazy\" decoding=\"async\" width=\"150\" height=\"150\" src=\"https:\/\/karmel.hr\/wp-content\/uploads\/2023\/10\/DSCN8875-150x150.jpg\" class=\"attachment-thumbnail size-thumbnail\" alt=\"\" \/><\/a>\n\t\t\t<\/div><\/figure><figure class='gallery-item'>\n\t\t\t<div class='gallery-icon landscape'>\n\t\t\t\t<a href='https:\/\/karmel.hr\/wp-content\/uploads\/2023\/10\/DSCN8876.jpg'><img loading=\"lazy\" decoding=\"async\" width=\"150\" height=\"150\" src=\"https:\/\/karmel.hr\/wp-content\/uploads\/2023\/10\/DSCN8876-150x150.jpg\" class=\"attachment-thumbnail size-thumbnail\" alt=\"\" \/><\/a>\n\t\t\t<\/div><\/figure><figure class='gallery-item'>\n\t\t\t<div class='gallery-icon landscape'>\n\t\t\t\t<a href='https:\/\/karmel.hr\/wp-content\/uploads\/2023\/10\/DSCN8877.jpg'><img loading=\"lazy\" decoding=\"async\" width=\"150\" height=\"150\" src=\"https:\/\/karmel.hr\/wp-content\/uploads\/2023\/10\/DSCN8877-150x150.jpg\" class=\"attachment-thumbnail size-thumbnail\" alt=\"\" \/><\/a>\n\t\t\t<\/div><\/figure>\n\t\t<\/div>\n\n","protected":false},"excerpt":{"rendered":"<p>Prvu \u017eenu nau\u010diteljicu Crkve, karmeli\u0107anku, obnoviteljicu Karmelskog reda i misti\u010darku proslavile su njezine duhovne k\u0107eri i njezini \u0161tovatelji u nedjelju, 15. listopada 2023., sve\u010danim prijepodnevnim i ve\u010dernjim misnim slavljem.<\/p>\n","protected":false},"author":2,"featured_media":20931,"comment_status":"open","ping_status":"open","sticky":false,"template":"","format":"standard","meta":{"_jetpack_memberships_contains_paid_content":false,"footnotes":"","jetpack_publicize_message":"","jetpack_publicize_feature_enabled":true,"jetpack_social_post_already_shared":true,"jetpack_social_options":{"image_generator_settings":{"template":"highway","default_image_id":0,"font":"","enabled":false},"version":2}},"categories":[1],"tags":[],"class_list":["post-20930","post","type-post","status-publish","format-standard","has-post-thumbnail","hentry","category-nekategorizirano"],"jetpack_publicize_connections":[],"jetpack_featured_media_url":"https:\/\/karmel.hr\/wp-content\/uploads\/2023\/10\/DSCN8849.jpg","jetpack_sharing_enabled":true,"jetpack-related-posts":[],"_links":{"self":[{"href":"https:\/\/karmel.hr\/index.php?rest_route=\/wp\/v2\/posts\/20930","targetHints":{"allow":["GET"]}}],"collection":[{"href":"https:\/\/karmel.hr\/index.php?rest_route=\/wp\/v2\/posts"}],"about":[{"href":"https:\/\/karmel.hr\/index.php?rest_route=\/wp\/v2\/types\/post"}],"author":[{"embeddable":true,"href":"https:\/\/karmel.hr\/index.php?rest_route=\/wp\/v2\/users\/2"}],"replies":[{"embeddable":true,"href":"https:\/\/karmel.hr\/index.php?rest_route=%2Fwp%2Fv2%2Fcomments&post=20930"}],"version-history":[{"count":1,"href":"https:\/\/karmel.hr\/index.php?rest_route=\/wp\/v2\/posts\/20930\/revisions"}],"predecessor-version":[{"id":20937,"href":"https:\/\/karmel.hr\/index.php?rest_route=\/wp\/v2\/posts\/20930\/revisions\/20937"}],"wp:featuredmedia":[{"embeddable":true,"href":"https:\/\/karmel.hr\/index.php?rest_route=\/wp\/v2\/media\/20931"}],"wp:attachment":[{"href":"https:\/\/karmel.hr\/index.php?rest_route=%2Fwp%2Fv2%2Fmedia&parent=20930"}],"wp:term":[{"taxonomy":"category","embeddable":true,"href":"https:\/\/karmel.hr\/index.php?rest_route=%2Fwp%2Fv2%2Fcategories&post=20930"},{"taxonomy":"post_tag","embeddable":true,"href":"https:\/\/karmel.hr\/index.php?rest_route=%2Fwp%2Fv2%2Ftags&post=20930"}],"curies":[{"name":"wp","href":"https:\/\/api.w.org\/{rel}","templated":true}]}}