{"id":20954,"date":"2023-10-23T23:12:15","date_gmt":"2023-10-23T21:12:15","guid":{"rendered":"https:\/\/karmel.hr\/?p=20954"},"modified":"2023-10-23T23:14:15","modified_gmt":"2023-10-23T21:14:15","slug":"milijun-djece-moli-zajedno-u-svetistu-majke-bozje-remetske","status":"publish","type":"post","link":"https:\/\/karmel.hr\/?p=20954","title":{"rendered":"\u201eMilijun djece moli zajedno\u201c u Sveti\u0161tu Majke Bo\u017eje Remetske"},"content":{"rendered":"<p style=\"font-weight: 400;\">Molitvena inicijativa \u201eMilijun djece moli zajedno\u201c po prvi je puta ove godine, na poticaj Obiteljske zajednice remetske \u017eupe, organizirana u Sveti\u0161tu Majke Bo\u017eje Remetske u srijedu 18. listopada.<!--more--><\/p>\n<p style=\"font-weight: 400;\">Velik broj djece u pratnji svojih roditelja, baka i djedova okupio se zajedno u 20 sati oko lika Bla\u017eene Djevice Marije u srcu Gospina vrta. Molitva je zapo\u010deta simboli\u010dnom gestom paljenja svije\u0107a za vrijeme molitve Vjerovanja, \u010dime se \u017eeljelo podsjetiti sve okupljene na zna\u010denje vjere u \u017eivotu kr\u0161\u0107ana. Vjera je ta koja raspr\u0161uje tamu grijeha, ratova i zla u ovome svijetu, kako je i u pozivu na molitvu za mir \u010ditavome Karmelskom redu o svetkovini sv. Terezije Avilske naglasio generalni predstojnik Reda o. Miguel Marquez Calle.<\/p>\n<p>O. Ivan Ple\u0161e je kao duhovnik Obiteljske zajednice uz bratsku pomo\u0107 br. Hrvoja, br. Marka i br. Izaka animirao molitvu u kojoj su spremno i velikodu\u0161no sudjelovala okupljena djeca kroz \u010ditanje, pjesmu i molitvu krunice. Nakon svega uprili\u010deno je zajedni\u010dko dru\u017eenje i okrepa u Duhovnom centru sv. Ivana od Kri\u017ea kako bi radost zajedni\u0161tva oja\u010dala na\u0161e korake u nastojanju izgradnje mirnijeg i pravednijeg svijeta.<\/p>\n<p style=\"font-weight: 400;\">Neka Zagovornica Hrvatske zagovara na\u0161u domovinu i \u010ditav svijet u nastojanju oko \u017eivljenja u miru i zajedni\u0161tvu.<\/p>\n<div id='gallery-1' class='gallery galleryid-20954 gallery-columns-2 gallery-size-medium'><figure class='gallery-item'>\n\t\t\t<div class='gallery-icon landscape'>\n\t\t\t\t<a href='https:\/\/karmel.hr\/wp-content\/uploads\/2023\/10\/IMG-20231019-WA0024.jpg'><img loading=\"lazy\" decoding=\"async\" width=\"300\" height=\"225\" src=\"https:\/\/karmel.hr\/wp-content\/uploads\/2023\/10\/IMG-20231019-WA0024-300x225.jpg\" class=\"attachment-medium size-medium\" alt=\"\" srcset=\"https:\/\/karmel.hr\/wp-content\/uploads\/2023\/10\/IMG-20231019-WA0024-300x225.jpg 300w, https:\/\/karmel.hr\/wp-content\/uploads\/2023\/10\/IMG-20231019-WA0024-1024x768.jpg 1024w, https:\/\/karmel.hr\/wp-content\/uploads\/2023\/10\/IMG-20231019-WA0024-768x576.jpg 768w, https:\/\/karmel.hr\/wp-content\/uploads\/2023\/10\/IMG-20231019-WA0024-1536x1152.jpg 1536w, https:\/\/karmel.hr\/wp-content\/uploads\/2023\/10\/IMG-20231019-WA0024.jpg 1920w\" sizes=\"auto, (max-width: 300px) 100vw, 300px\" \/><\/a>\n\t\t\t<\/div><\/figure><figure class='gallery-item'>\n\t\t\t<div class='gallery-icon portrait'>\n\t\t\t\t<a href='https:\/\/karmel.hr\/wp-content\/uploads\/2023\/10\/IMG-20231019-WA0028.jpg'><img loading=\"lazy\" decoding=\"async\" width=\"225\" height=\"300\" src=\"https:\/\/karmel.hr\/wp-content\/uploads\/2023\/10\/IMG-20231019-WA0028-225x300.jpg\" class=\"attachment-medium size-medium\" alt=\"\" srcset=\"https:\/\/karmel.hr\/wp-content\/uploads\/2023\/10\/IMG-20231019-WA0028-225x300.jpg 225w, https:\/\/karmel.hr\/wp-content\/uploads\/2023\/10\/IMG-20231019-WA0028-768x1024.jpg 768w, https:\/\/karmel.hr\/wp-content\/uploads\/2023\/10\/IMG-20231019-WA0028-1152x1536.jpg 1152w, https:\/\/karmel.hr\/wp-content\/uploads\/2023\/10\/IMG-20231019-WA0028.jpg 1440w\" sizes=\"auto, (max-width: 225px) 100vw, 225px\" \/><\/a>\n\t\t\t<\/div><\/figure>\n\t\t<\/div>\n\n<p style=\"font-weight: 400;\">\n","protected":false},"excerpt":{"rendered":"<p>Molitvena inicijativa \u201eMilijun djece moli zajedno\u201c po prvi je puta ove godine, na poticaj Obiteljske zajednice remetske \u017eupe, organizirana u Sveti\u0161tu Majke Bo\u017eje Remetske u srijedu 18. listopada.<\/p>\n","protected":false},"author":2,"featured_media":20955,"comment_status":"open","ping_status":"open","sticky":false,"template":"","format":"standard","meta":{"_jetpack_memberships_contains_paid_content":false,"footnotes":"","jetpack_publicize_message":"","jetpack_publicize_feature_enabled":true,"jetpack_social_post_already_shared":true,"jetpack_social_options":{"image_generator_settings":{"template":"highway","default_image_id":0,"font":"","enabled":false},"version":2}},"categories":[1],"tags":[],"class_list":["post-20954","post","type-post","status-publish","format-standard","has-post-thumbnail","hentry","category-nekategorizirano"],"jetpack_publicize_connections":[],"jetpack_featured_media_url":"https:\/\/karmel.hr\/wp-content\/uploads\/2023\/10\/IMG-20231019-WA0024.jpg","jetpack_sharing_enabled":true,"jetpack-related-posts":[],"_links":{"self":[{"href":"https:\/\/karmel.hr\/index.php?rest_route=\/wp\/v2\/posts\/20954","targetHints":{"allow":["GET"]}}],"collection":[{"href":"https:\/\/karmel.hr\/index.php?rest_route=\/wp\/v2\/posts"}],"about":[{"href":"https:\/\/karmel.hr\/index.php?rest_route=\/wp\/v2\/types\/post"}],"author":[{"embeddable":true,"href":"https:\/\/karmel.hr\/index.php?rest_route=\/wp\/v2\/users\/2"}],"replies":[{"embeddable":true,"href":"https:\/\/karmel.hr\/index.php?rest_route=%2Fwp%2Fv2%2Fcomments&post=20954"}],"version-history":[{"count":3,"href":"https:\/\/karmel.hr\/index.php?rest_route=\/wp\/v2\/posts\/20954\/revisions"}],"predecessor-version":[{"id":20959,"href":"https:\/\/karmel.hr\/index.php?rest_route=\/wp\/v2\/posts\/20954\/revisions\/20959"}],"wp:featuredmedia":[{"embeddable":true,"href":"https:\/\/karmel.hr\/index.php?rest_route=\/wp\/v2\/media\/20955"}],"wp:attachment":[{"href":"https:\/\/karmel.hr\/index.php?rest_route=%2Fwp%2Fv2%2Fmedia&parent=20954"}],"wp:term":[{"taxonomy":"category","embeddable":true,"href":"https:\/\/karmel.hr\/index.php?rest_route=%2Fwp%2Fv2%2Fcategories&post=20954"},{"taxonomy":"post_tag","embeddable":true,"href":"https:\/\/karmel.hr\/index.php?rest_route=%2Fwp%2Fv2%2Ftags&post=20954"}],"curies":[{"name":"wp","href":"https:\/\/api.w.org\/{rel}","templated":true}]}}