{"id":21161,"date":"2023-12-03T22:37:23","date_gmt":"2023-12-03T21:37:23","guid":{"rendered":"https:\/\/karmel.hr\/?p=21161"},"modified":"2023-12-03T22:42:09","modified_gmt":"2023-12-03T21:42:09","slug":"uspon-na-goru-schockl","status":"publish","type":"post","link":"https:\/\/karmel.hr\/?p=21161","title":{"rendered":"Uspon na goru Sch\u00f6ckl"},"content":{"rendered":"<p style=\"font-weight: 400;\">Sch\u00f6ckl (ili Sch\u00f6ckel) je planina koja se nalazi 14 kilometara od Graza, a njezin se vrh uzdi\u017ee do 1445 metara nadmorske visine. Karmelska ekspedicija, koju su \u010dinili novaci, gost samostana gosp. Veseljko, kuharica Julia te oci Petar i Vedran, u srijedu 22. studenoga odlu\u010dila je odmjeriti svoje snage s ovom planinom.<!--more--><\/p>\n<p style=\"font-weight: 400;\">Nje\u017enost Gospodnja prema Njegovoj karmelskoj djeci pratila nas je od po\u010detka uspona na Sch\u00f6ckl. Borova \u0161uma, s kojom je na\u0161 hod zapo\u010deo, nije bila pregusta, tako da nam je i iz njezine sredine pogled dopirao daleko na sve strane, a sunce, koje nas je pratilo tijekom cijeloga izleta, nje\u017eno je obasjavalo stabla i tlo i navodilo du\u0161u na smiraj i sabranost. \u017darko plavo nebo, vidljivo i iz najdubljih dijelova \u0161ume, u kontrastu sa sme\u0111im i zelenim \u0161umskim bojama spontano je u du\u0161i budilo misli kako, usprkos svoj njezinoj ljepoti, ova \u0161uma nije sve, nego postoji ne\u0161to iznad \u0161to je jo\u0161 ljep\u0161e i \u0161to \u0161umi omogu\u0107uje njezinu ljepotu.<\/p>\n<p style=\"font-weight: 400;\">Izlazak iz \u0161ume na planinarsku stazu omogu\u0107io nam je prvu od mnogih poslastica svoje vrste: lijep pogled u daljinu, u kojoj su se daleko ispod nas izmjenjivali brda\u0161ca i gore, polja na strminama i podru\u010dja malih \u0161uma, malena seoca i zaseoci te ponegdje kakav gradi\u0107, dok su se iza njih uzdizale goleme planine, jo\u0161 vi\u0161e od na\u0161e gore Sch\u00f6ckl, a koje su svojim zasnje\u017eenim vrhovima i veli\u010dinom ostavljale nedvosmislen dojam strahopo\u0161tovanja.<\/p>\n<p style=\"font-weight: 400;\">Uz ugodne razgovore i u neuobi\u010dajenoj sabranosti za tako veliko dru\u0161tvo nastavili smo uspon na na\u0161u goru, no svako malo smo ga prekidali da bismo se divili pogledima koji su hranili na\u0161e o\u010di i tiho nas uljuljavali u ljepotu Bo\u017ejega stvorenja. Do\u0161av\u0161i na vrh planirali smo se razdvojiti kako bismo svaki za sebe u jo\u0161 potpunijoj sabranosti udahnuli da\u0161ke inspiracije koju je Bog putem prirode stavio pred nas kao na pladnju. Ipak, nekolicina nas novaka ostala je na mjestu na kojem smo se razi\u0161li. Nakon \u0161to smo razmijenili par rije\u010di, posve smo se spontano udubili u pogled koji se s vrha Sch\u00f6ckla prostire prema jugu i istoku. Ljepote krajobraz\u0101 koje smo vidjeli na putu prema vrhu pokazale su se tek kao priprema za zadivljuju\u0107i i gotovo nestvaran pogled s vrha. Nakon nekoliko minuta potpune ti\u0161ine postavilo se pitanje mo\u017ee li se dojmljivost ovoga pogleda uop\u0107e opisati. Brat Josip tada je skovao novu rije\u010d rekav\u0161i da je njegova ljepota <em>neurje\u010diva<\/em>. Sljede\u0107e postavljeno pitanje bilo je: kolika tek mora biti ljepota Stvoritelja ako stvorenje mo\u017ee biti ovako lijepo? Naravnim razumom dohvatljiva vjerska istina o savr\u0161enoj Bo\u017ejoj ljepoti bila nam je u tome trenutku jasno vidljiva jednako kao i mi jedni drugima.<\/p>\n<p style=\"font-weight: 400;\">Marijanski plavo nebo do\u010dekalo nas je i po izlasku iz restorana u kojem smo imali ru\u010dak, no sunce koje se ve\u0107 osjetno kretalo prema svome zalasku i pad temperature podsjetili su nas da je vrijeme kasne jeseni, a ne, kako su nam duhovni dojmovi koje Sch\u00f6ckl ostavlja sugerirali, proljetnoga bu\u0111enja. Prije po\u010detka spu\u0161tanja pro\u0161etali smo se do kapelice sv. Ivana Krstitelja, ispred koje smo Bogorodici zahvalili za izmoljene ovodnevne milosti uz <em>Salve Regina<\/em>. U jo\u0161 dubljoj sabranosti nego pri usponu, uz tihe smo razgovore ili u \u0161utnji krenuli u silazak s gore Sch\u00f6ckl, pritom ponovo u\u017eivaju\u0107i u pogledima koje ona pru\u017ea. Usponi na karmelske gore obi\u010dno su tamni, jer po s\u00e2moj naravi stvari moraju biti takvi. Ipak, uspon na goru Sch\u00f6ckl bio je prije poput <em>\u0161apta<\/em> <em>laganog i blagog lahora<\/em> koji laticu nje\u017eno nosi prema vrhu, a zatim je jo\u0161 nje\u017enije, sada prosvjetljenu nebeskim zrakama sunca, spu\u0161ta na njezino mjesto na tlu. Malo prije po\u010detka do\u0161a\u0161\u0107a, ljubi\u010dastom liturgijskom bojom odre\u0111ena vremena poja\u010dane \u017ertve i pripreme za nadolaze\u0107u svetkovinu Bo\u017ei\u0107a, Gospodin je svojoj karmelskoj djeci udijelio nje\u017eni bo\u017ei\u0107ni predokus vje\u010dnoga sjaja.<\/p>\n<div id='gallery-1' class='gallery galleryid-21161 gallery-columns-4 gallery-size-thumbnail'><figure class='gallery-item'>\n\t\t\t<div class='gallery-icon landscape'>\n\t\t\t\t<a href='https:\/\/karmel.hr\/wp-content\/uploads\/2023\/12\/20231122_142112.jpg'><img loading=\"lazy\" decoding=\"async\" width=\"150\" height=\"150\" src=\"https:\/\/karmel.hr\/wp-content\/uploads\/2023\/12\/20231122_142112-150x150.jpg\" class=\"attachment-thumbnail size-thumbnail\" alt=\"\" \/><\/a>\n\t\t\t<\/div><\/figure><figure class='gallery-item'>\n\t\t\t<div class='gallery-icon landscape'>\n\t\t\t\t<a href='https:\/\/karmel.hr\/wp-content\/uploads\/2023\/12\/20231122_142201.jpg'><img loading=\"lazy\" decoding=\"async\" width=\"150\" height=\"150\" src=\"https:\/\/karmel.hr\/wp-content\/uploads\/2023\/12\/20231122_142201-150x150.jpg\" class=\"attachment-thumbnail size-thumbnail\" alt=\"\" \/><\/a>\n\t\t\t<\/div><\/figure><figure class='gallery-item'>\n\t\t\t<div class='gallery-icon landscape'>\n\t\t\t\t<a href='https:\/\/karmel.hr\/wp-content\/uploads\/2023\/12\/20231122_143006.jpg'><img loading=\"lazy\" decoding=\"async\" width=\"150\" height=\"150\" src=\"https:\/\/karmel.hr\/wp-content\/uploads\/2023\/12\/20231122_143006-150x150.jpg\" class=\"attachment-thumbnail size-thumbnail\" alt=\"\" \/><\/a>\n\t\t\t<\/div><\/figure><figure class='gallery-item'>\n\t\t\t<div class='gallery-icon landscape'>\n\t\t\t\t<a href='https:\/\/karmel.hr\/wp-content\/uploads\/2023\/12\/IMG-20231122-WA0009.jpg'><img loading=\"lazy\" decoding=\"async\" width=\"150\" height=\"150\" src=\"https:\/\/karmel.hr\/wp-content\/uploads\/2023\/12\/IMG-20231122-WA0009-150x150.jpg\" class=\"attachment-thumbnail size-thumbnail\" alt=\"\" \/><\/a>\n\t\t\t<\/div><\/figure><figure class='gallery-item'>\n\t\t\t<div class='gallery-icon landscape'>\n\t\t\t\t<a href='https:\/\/karmel.hr\/wp-content\/uploads\/2023\/12\/IMG-20231122-WA0017.jpg'><img loading=\"lazy\" decoding=\"async\" width=\"150\" height=\"150\" src=\"https:\/\/karmel.hr\/wp-content\/uploads\/2023\/12\/IMG-20231122-WA0017-150x150.jpg\" class=\"attachment-thumbnail size-thumbnail\" alt=\"\" \/><\/a>\n\t\t\t<\/div><\/figure><figure class='gallery-item'>\n\t\t\t<div class='gallery-icon landscape'>\n\t\t\t\t<a href='https:\/\/karmel.hr\/wp-content\/uploads\/2023\/12\/IMG-20231122-WA0023.jpg'><img loading=\"lazy\" decoding=\"async\" width=\"150\" height=\"150\" src=\"https:\/\/karmel.hr\/wp-content\/uploads\/2023\/12\/IMG-20231122-WA0023-150x150.jpg\" class=\"attachment-thumbnail size-thumbnail\" alt=\"\" \/><\/a>\n\t\t\t<\/div><\/figure><figure class='gallery-item'>\n\t\t\t<div class='gallery-icon landscape'>\n\t\t\t\t<a href='https:\/\/karmel.hr\/wp-content\/uploads\/2023\/12\/IMG-20231122-WA0032.jpg'><img loading=\"lazy\" decoding=\"async\" width=\"150\" height=\"150\" src=\"https:\/\/karmel.hr\/wp-content\/uploads\/2023\/12\/IMG-20231122-WA0032-150x150.jpg\" class=\"attachment-thumbnail size-thumbnail\" alt=\"\" \/><\/a>\n\t\t\t<\/div><\/figure><figure class='gallery-item'>\n\t\t\t<div class='gallery-icon landscape'>\n\t\t\t\t<a href='https:\/\/karmel.hr\/wp-content\/uploads\/2023\/12\/IMG_20231122_120844.jpg'><img loading=\"lazy\" decoding=\"async\" width=\"150\" height=\"150\" src=\"https:\/\/karmel.hr\/wp-content\/uploads\/2023\/12\/IMG_20231122_120844-150x150.jpg\" class=\"attachment-thumbnail size-thumbnail\" alt=\"\" \/><\/a>\n\t\t\t<\/div><\/figure><figure class='gallery-item'>\n\t\t\t<div class='gallery-icon landscape'>\n\t\t\t\t<a href='https:\/\/karmel.hr\/wp-content\/uploads\/2023\/12\/IMG-20231122-WA0042.jpg'><img loading=\"lazy\" decoding=\"async\" width=\"150\" height=\"150\" src=\"https:\/\/karmel.hr\/wp-content\/uploads\/2023\/12\/IMG-20231122-WA0042-150x150.jpg\" class=\"attachment-thumbnail size-thumbnail\" alt=\"\" \/><\/a>\n\t\t\t<\/div><\/figure><figure class='gallery-item'>\n\t\t\t<div class='gallery-icon landscape'>\n\t\t\t\t<a href='https:\/\/karmel.hr\/wp-content\/uploads\/2023\/12\/20231122_142824_resized.jpg'><img loading=\"lazy\" decoding=\"async\" width=\"150\" height=\"150\" src=\"https:\/\/karmel.hr\/wp-content\/uploads\/2023\/12\/20231122_142824_resized-150x150.jpg\" class=\"attachment-thumbnail size-thumbnail\" alt=\"\" \/><\/a>\n\t\t\t<\/div><\/figure><figure class='gallery-item'>\n\t\t\t<div class='gallery-icon landscape'>\n\t\t\t\t<a href='https:\/\/karmel.hr\/wp-content\/uploads\/2023\/12\/IMG_20231122_143101.jpg'><img loading=\"lazy\" decoding=\"async\" width=\"150\" height=\"150\" src=\"https:\/\/karmel.hr\/wp-content\/uploads\/2023\/12\/IMG_20231122_143101-150x150.jpg\" class=\"attachment-thumbnail size-thumbnail\" alt=\"\" \/><\/a>\n\t\t\t<\/div><\/figure><figure class='gallery-item'>\n\t\t\t<div class='gallery-icon landscape'>\n\t\t\t\t<a href='https:\/\/karmel.hr\/wp-content\/uploads\/2023\/12\/20231122_125221.jpg'><img loading=\"lazy\" decoding=\"async\" width=\"150\" height=\"150\" src=\"https:\/\/karmel.hr\/wp-content\/uploads\/2023\/12\/20231122_125221-150x150.jpg\" class=\"attachment-thumbnail size-thumbnail\" alt=\"\" \/><\/a>\n\t\t\t<\/div><\/figure>\n\t\t<\/div>\n\n","protected":false},"excerpt":{"rendered":"<p>Sch\u00f6ckl (ili Sch\u00f6ckel) je planina koja se nalazi 14 kilometara od Graza, a njezin se vrh uzdi\u017ee do 1445 metara nadmorske visine. Karmelska ekspedicija, koju su \u010dinili novaci, gost samostana gosp. Veseljko, kuharica Julia te oci Petar i Vedran, u srijedu 22. studenoga odlu\u010dila je odmjeriti svoje snage s ovom planinom.<\/p>\n","protected":false},"author":2,"featured_media":21170,"comment_status":"open","ping_status":"open","sticky":false,"template":"","format":"standard","meta":{"_jetpack_memberships_contains_paid_content":false,"footnotes":"","jetpack_publicize_message":"","jetpack_publicize_feature_enabled":true,"jetpack_social_post_already_shared":true,"jetpack_social_options":{"image_generator_settings":{"template":"highway","default_image_id":0,"font":"","enabled":false},"version":2}},"categories":[1],"tags":[],"class_list":["post-21161","post","type-post","status-publish","format-standard","has-post-thumbnail","hentry","category-nekategorizirano"],"jetpack_publicize_connections":[],"jetpack_featured_media_url":"https:\/\/karmel.hr\/wp-content\/uploads\/2023\/12\/IMG-20231122-WA0032.jpg","jetpack_sharing_enabled":true,"jetpack-related-posts":[],"_links":{"self":[{"href":"https:\/\/karmel.hr\/index.php?rest_route=\/wp\/v2\/posts\/21161","targetHints":{"allow":["GET"]}}],"collection":[{"href":"https:\/\/karmel.hr\/index.php?rest_route=\/wp\/v2\/posts"}],"about":[{"href":"https:\/\/karmel.hr\/index.php?rest_route=\/wp\/v2\/types\/post"}],"author":[{"embeddable":true,"href":"https:\/\/karmel.hr\/index.php?rest_route=\/wp\/v2\/users\/2"}],"replies":[{"embeddable":true,"href":"https:\/\/karmel.hr\/index.php?rest_route=%2Fwp%2Fv2%2Fcomments&post=21161"}],"version-history":[{"count":3,"href":"https:\/\/karmel.hr\/index.php?rest_route=\/wp\/v2\/posts\/21161\/revisions"}],"predecessor-version":[{"id":21178,"href":"https:\/\/karmel.hr\/index.php?rest_route=\/wp\/v2\/posts\/21161\/revisions\/21178"}],"wp:featuredmedia":[{"embeddable":true,"href":"https:\/\/karmel.hr\/index.php?rest_route=\/wp\/v2\/media\/21170"}],"wp:attachment":[{"href":"https:\/\/karmel.hr\/index.php?rest_route=%2Fwp%2Fv2%2Fmedia&parent=21161"}],"wp:term":[{"taxonomy":"category","embeddable":true,"href":"https:\/\/karmel.hr\/index.php?rest_route=%2Fwp%2Fv2%2Fcategories&post=21161"},{"taxonomy":"post_tag","embeddable":true,"href":"https:\/\/karmel.hr\/index.php?rest_route=%2Fwp%2Fv2%2Ftags&post=21161"}],"curies":[{"name":"wp","href":"https:\/\/api.w.org\/{rel}","templated":true}]}}