{"id":21198,"date":"2023-12-10T11:59:25","date_gmt":"2023-12-10T10:59:25","guid":{"rendered":"https:\/\/karmel.hr\/?p=21198"},"modified":"2023-12-10T11:59:25","modified_gmt":"2023-12-10T10:59:25","slug":"kod-nasih-sestara-u-mirnoj-peci","status":"publish","type":"post","link":"https:\/\/karmel.hr\/?p=21198","title":{"rendered":"Kod na\u0161ih sestara u Mirnoj Pe\u010di"},"content":{"rendered":"<p style=\"font-weight: 400;\">U \u010detvrtak, 30. studenoga, na blagdan sv. Andrije apostola, na\u0161a se karmelska dru\u017eba iz samostana u Grazu uputila u posjet karmeli\u0107ankama koje \u017eive u samostanu u Mirnoj Pe\u010di u Sloveniji.<!--more--> Uz novake i oce Petra i Vedrana, s nama je na put po\u0161la i kuharica Julia.<\/p>\n<p style=\"font-weight: 400;\">Uvjeti na cesti tijekom putovanja bili su grozni, jer ve\u0107inom je puta padala gusta ki\u0161a ili susnje\u017eica, a i promet je bio razmjerno gust. Kako to ne bi pokvarilo na\u0161e putno raspolo\u017eenje, okrenuli smo se prvo molitvi, a zatim duhovnoj i malo manje duhovnoj glazbi. Odabrana sredstva odr\u017eavanja visokoga raspolo\u017eenja bila su uspje\u0161na jer, usprkos sivomu i tmurnom ki\u0161ovitom jesenskom vremenu, koje prije podsje\u0107a na uspavanost, melankoliju i sjetu, oko na\u0161e su dru\u017ebe cijelim putem sjali smijeh i radost.<\/p>\n<p style=\"font-weight: 400;\">Sestre su nas do\u010dekale ukusnim i obilnim ru\u010dkom, od kojega smo jedva uspjeli pojesti polovicu, a vo\u0107na salata koju su nam pripremile za desert bila je toliko ukusna da bi je u Korizmi trebalo zabraniti na razini cijele Crkve. Nakon te kriminalno dobre vo\u0107ne salate do\u0161lo je vrijeme za ono zbog \u010dega smo i do\u0161li: upoznavanje i zajedni\u010dku rekreaciju.<\/p>\n<p style=\"font-weight: 400;\">Prva su s predstavljanjem krenula bra\u0107a, a za njima su slijedile sestre. Zanimljivije od op\u0107enitih osobnih podataka, poput broja bra\u0107e i sestara ili podrijetla, bile su pri\u010de o putevima kojima nas je Gospodin vodio do Karmela. Iako je tipi\u010dno Bo\u017eja volja da zavr\u0161imo ono \u0161to smo zapo\u010deli, jedan su brat i jedna sestra imali jasno iskustvo da Bog \u017eeli od njih da prekinu zapo\u010dete studije i postanu karmeli\u0107ani. Nekoj je bra\u0107i i sestrama pak bolno iskustvo \u017eivota bez Boga bilo odlu\u010duju\u0107im poticajem da ostave ba\u0161 sve, te da im i u ovome \u017eivotu <em>Bog bude<\/em> <em>sve u svemu<\/em>. Neki su ve\u0107 od rane mladosti po\u0161li za Gospodinom, dok su neki od nas bili dulje u svijetu tra\u017ee\u0107i svoj, odnosno Njegov put.<\/p>\n<p style=\"font-weight: 400;\">Tijekom predstavljanja izmjenjivale su se pri\u010de i, makar bi se povr\u0161nijem pogledu moglo \u010diniti da me\u0111u njima ima dosta sli\u010dnosti, ipak je bilo o\u010dito da Bog u Karmel mo\u017ee na bezbroj razli\u010ditih na\u010dina dovesti mnoge vrlo razli\u010dite du\u0161e. Iako na\u0161i obnovitelji sv. Terezija i sv. Ivan inzistiraju da je svaka du\u0161a druk\u010dija, ostaje \u010dinjenica da ve\u0107 po naravi, kao mu\u0161karci i \u017eene, ipak posjedujemo neke sli\u010dnosti, a to se najljep\u0161e vidjelo kada je br. Ante rekao sestrama da je njegovo redovni\u010dko prezime <em>od Djeteta Isusa<\/em>, \u0161to je u ba\u0161 svih sestara izazvalo ganu\u0107e, a na \u0161to su ga bra\u0107a po\u010dela zadirkivati da je \u201ebesramni \u0161armer\u201c. Cijela je rekreacija bila niz ovakvih naizmjeni\u010dnih trenutaka duhovne otvorenosti i dijeljenja s jedne te bratsko-sestrinske radosti i smijeha s druge strane. U drugome \u010ditanju slu\u017ebe \u010ditanja na blagdan sv. Andrije, koji se slavio na dan na\u0161ega posjeta Mirnoj Pe\u010di, pi\u0161e sv. Ivan Zlatousti: \u201eJedan drugome na duhovnom polju pru\u017eiti ruku \u2013 to je bratska ljubav, pravo prijateljstvo&#8230;\u201c Upravo je to duhovno bratstvo tiho \u017earilo u govornici samostana i omogu\u0107avalo da naizgled potpuni stranci u jednome \u010dasu dijele duboke i intimne trenutke svojih \u017eivota, a u drugome jedni druge u ljubavi zadirkuju i zajedno se smiju do suza.<\/p>\n<p style=\"font-weight: 400;\">Po zavr\u0161etku rekreacije po\u0161li smo u kapelu gdje smo zajedno sa sestrama molili Deveti \u010das. Sestrinski je kor molio na slovenskom, a na\u0161 na hrvatskom. Kako je to zgodno sro\u010dio o. Vedran, \u201eMolili smo dvozborno, po jezicima\u201c. Po zavr\u0161etku Srednjega \u010dasa zajedno smo otpjevali <em>Salve Regina<\/em> te, ispuniv\u0161i knjigu dojmova, polako krenuli prema Grazu.<\/p>\n<p style=\"font-weight: 400;\">Povratak je ku\u0107i ponovo bio ote\u017ean jakom ki\u0161om i slabom vidljivo\u0161\u0107u na cesti, no pjevana ve\u010dernja, krunica, duhovni razgovori i razmjena dojmova o bogatstvima protekloga dana posve su lako u\u010dinili da turobnost jeseni ne uspije u\u0107i u na\u0161 auto. Dodu\u0161e, i nije tako te\u0161ko biti dobro raspolo\u017een kada si brat tako divnim sestrama.<\/p>\n<div id='gallery-1' class='gallery galleryid-21198 gallery-columns-3 gallery-size-medium'><figure class='gallery-item'>\n\t\t\t<div class='gallery-icon landscape'>\n\t\t\t\t<a href='https:\/\/karmel.hr\/wp-content\/uploads\/2023\/12\/20230726_130627.jpg'><img loading=\"lazy\" decoding=\"async\" width=\"300\" height=\"225\" src=\"https:\/\/karmel.hr\/wp-content\/uploads\/2023\/12\/20230726_130627-300x225.jpg\" class=\"attachment-medium size-medium\" alt=\"\" srcset=\"https:\/\/karmel.hr\/wp-content\/uploads\/2023\/12\/20230726_130627-300x225.jpg 300w, https:\/\/karmel.hr\/wp-content\/uploads\/2023\/12\/20230726_130627-1024x768.jpg 1024w, https:\/\/karmel.hr\/wp-content\/uploads\/2023\/12\/20230726_130627-768x576.jpg 768w, https:\/\/karmel.hr\/wp-content\/uploads\/2023\/12\/20230726_130627-1536x1152.jpg 1536w, https:\/\/karmel.hr\/wp-content\/uploads\/2023\/12\/20230726_130627.jpg 1920w\" sizes=\"auto, (max-width: 300px) 100vw, 300px\" \/><\/a>\n\t\t\t<\/div><\/figure><figure class='gallery-item'>\n\t\t\t<div class='gallery-icon landscape'>\n\t\t\t\t<a href='https:\/\/karmel.hr\/wp-content\/uploads\/2023\/12\/20231130_155900.jpg'><img loading=\"lazy\" decoding=\"async\" width=\"300\" height=\"225\" src=\"https:\/\/karmel.hr\/wp-content\/uploads\/2023\/12\/20231130_155900-300x225.jpg\" class=\"attachment-medium size-medium\" alt=\"\" srcset=\"https:\/\/karmel.hr\/wp-content\/uploads\/2023\/12\/20231130_155900-300x225.jpg 300w, https:\/\/karmel.hr\/wp-content\/uploads\/2023\/12\/20231130_155900-1024x768.jpg 1024w, https:\/\/karmel.hr\/wp-content\/uploads\/2023\/12\/20231130_155900-768x576.jpg 768w, https:\/\/karmel.hr\/wp-content\/uploads\/2023\/12\/20231130_155900-1536x1152.jpg 1536w, https:\/\/karmel.hr\/wp-content\/uploads\/2023\/12\/20231130_155900.jpg 1920w\" sizes=\"auto, (max-width: 300px) 100vw, 300px\" \/><\/a>\n\t\t\t<\/div><\/figure><figure class='gallery-item'>\n\t\t\t<div class='gallery-icon landscape'>\n\t\t\t\t<a href='https:\/\/karmel.hr\/wp-content\/uploads\/2023\/12\/20231130_155936.jpg'><img loading=\"lazy\" decoding=\"async\" width=\"300\" height=\"225\" src=\"https:\/\/karmel.hr\/wp-content\/uploads\/2023\/12\/20231130_155936-300x225.jpg\" class=\"attachment-medium size-medium\" alt=\"\" srcset=\"https:\/\/karmel.hr\/wp-content\/uploads\/2023\/12\/20231130_155936-300x225.jpg 300w, https:\/\/karmel.hr\/wp-content\/uploads\/2023\/12\/20231130_155936-1024x768.jpg 1024w, https:\/\/karmel.hr\/wp-content\/uploads\/2023\/12\/20231130_155936-768x576.jpg 768w, https:\/\/karmel.hr\/wp-content\/uploads\/2023\/12\/20231130_155936-1536x1152.jpg 1536w, https:\/\/karmel.hr\/wp-content\/uploads\/2023\/12\/20231130_155936.jpg 1920w\" sizes=\"auto, (max-width: 300px) 100vw, 300px\" \/><\/a>\n\t\t\t<\/div><\/figure>\n\t\t<\/div>\n\n","protected":false},"excerpt":{"rendered":"<p>U \u010detvrtak, 30. studenoga, na blagdan sv. Andrije apostola, na\u0161a se karmelska dru\u017eba iz samostana u Grazu uputila u posjet karmeli\u0107ankama koje \u017eive u samostanu u Mirnoj Pe\u010di u Sloveniji.<\/p>\n","protected":false},"author":2,"featured_media":21200,"comment_status":"open","ping_status":"open","sticky":false,"template":"","format":"standard","meta":{"_jetpack_memberships_contains_paid_content":false,"footnotes":"","jetpack_publicize_message":"","jetpack_publicize_feature_enabled":true,"jetpack_social_post_already_shared":true,"jetpack_social_options":{"image_generator_settings":{"template":"highway","default_image_id":0,"font":"","enabled":false},"version":2}},"categories":[1],"tags":[],"class_list":["post-21198","post","type-post","status-publish","format-standard","has-post-thumbnail","hentry","category-nekategorizirano"],"jetpack_publicize_connections":[],"jetpack_featured_media_url":"https:\/\/karmel.hr\/wp-content\/uploads\/2023\/12\/20231130_155900.jpg","jetpack_sharing_enabled":true,"jetpack-related-posts":[],"_links":{"self":[{"href":"https:\/\/karmel.hr\/index.php?rest_route=\/wp\/v2\/posts\/21198","targetHints":{"allow":["GET"]}}],"collection":[{"href":"https:\/\/karmel.hr\/index.php?rest_route=\/wp\/v2\/posts"}],"about":[{"href":"https:\/\/karmel.hr\/index.php?rest_route=\/wp\/v2\/types\/post"}],"author":[{"embeddable":true,"href":"https:\/\/karmel.hr\/index.php?rest_route=\/wp\/v2\/users\/2"}],"replies":[{"embeddable":true,"href":"https:\/\/karmel.hr\/index.php?rest_route=%2Fwp%2Fv2%2Fcomments&post=21198"}],"version-history":[{"count":1,"href":"https:\/\/karmel.hr\/index.php?rest_route=\/wp\/v2\/posts\/21198\/revisions"}],"predecessor-version":[{"id":21202,"href":"https:\/\/karmel.hr\/index.php?rest_route=\/wp\/v2\/posts\/21198\/revisions\/21202"}],"wp:featuredmedia":[{"embeddable":true,"href":"https:\/\/karmel.hr\/index.php?rest_route=\/wp\/v2\/media\/21200"}],"wp:attachment":[{"href":"https:\/\/karmel.hr\/index.php?rest_route=%2Fwp%2Fv2%2Fmedia&parent=21198"}],"wp:term":[{"taxonomy":"category","embeddable":true,"href":"https:\/\/karmel.hr\/index.php?rest_route=%2Fwp%2Fv2%2Fcategories&post=21198"},{"taxonomy":"post_tag","embeddable":true,"href":"https:\/\/karmel.hr\/index.php?rest_route=%2Fwp%2Fv2%2Ftags&post=21198"}],"curies":[{"name":"wp","href":"https:\/\/api.w.org\/{rel}","templated":true}]}}