{"id":21405,"date":"2024-02-10T23:52:01","date_gmt":"2024-02-10T22:52:01","guid":{"rendered":"https:\/\/karmel.hr\/?p=21405"},"modified":"2024-02-10T23:52:01","modified_gmt":"2024-02-10T22:52:01","slug":"stepincevo-u-karmelu-u-mariji-bistirici","status":"publish","type":"post","link":"https:\/\/karmel.hr\/?p=21405","title":{"rendered":"Stepin\u010devo u Karmelu u Mariji Bistirici"},"content":{"rendered":"<p style=\"font-weight: 400;\">U samostanskoj crkvi Karmela Majke Bo\u017eje Bistri\u010dke i bl. Alojzija Stepinca 10. velja\u010de 2024. proslavljeno je Stepin\u010devo sve\u010danom euharistijom.<!--more--> Misno slavlje predvodio je vicepostulator za kauze beatifikacije i kanonizacije Zagreba\u010dke nadbiskupije vl\u010d. Tomislav Ha\u010dko, a koncelebrirali su vl\u010d. Stjepan \u010cukman, vl\u010d. Mata Jakovi\u0107 i vl\u010d. Antun Moto\u010di\u0107. Evan\u0111elje je pjevao \u0111akon Vedran Jaki\u0107, koji je bio u asistenciji s trojicom bogoslova Zagreba\u010dke nadbiskupije.<\/p>\n<p style=\"font-weight: 400;\">U poticajnoj propovijedi pro\u017eetoj Bla\u017eenikovim citatima vl\u010d. Ha\u010dko potaknuo je prisutne da nasljeduju bl. Alojzija u borbi za ideale te da se priznaju Kristovima: \u201ePriznajmo ga ne samo kad to koristi na\u0161im zemaljskim interesima, nego i onda kada nas to stoji \u017ertava. Priznajmo ga ne samo onda kad to koristi veli\u010dini naroda i domovine, nego i onda kada se savijamo u tugama i bolima. Priznajmo ga ne samo onda kad nas drugi ljube, nego i onda kad nas drugi mrze. Priznajmo ga ne samo onda kad nas u\u010di ljubiti roditelje, nego i onda kad nas u\u010di ljubiti neprijatelje, jer Krist se ne da dijeliti, nego ho\u0107e da ga se ili prizna \u010ditavoga, ili da ga se uop\u0107e ne prizna \u2013 poti\u010de bl. Alojzije.\u201c Vl\u010d. Ha\u010dko je nadalje istaknuo kako nas primjer bl. Alojzija poti\u010de da ne budemo mlaki, ve\u0107 zagrijani za Gospodina, a onda ta zagrijanost \u201edovodi i do crvene boje mu\u010deni\u0161tva\u201c. \u201ePo ovom slavlju sv. Mise, po primjeru i zagovoru bl. Alojzija uzljubimo Isusa Krista koji je Bog i za kojega smo spremni umirati svaki dan i svaki \u010das\u201c, zaklju\u010dio je.<\/p>\n<p style=\"font-weight: 400;\">Na kraju misnog slavlja bio je tradicionalni blagoslov bombona na \u010dast bl. Alojzija, a slavlje svetkovine nastavilo se u samostanskom okru\u017eju.<\/p>\n<div id='gallery-1' class='gallery galleryid-21405 gallery-columns-5 gallery-size-thumbnail'><figure class='gallery-item'>\n\t\t\t<div class='gallery-icon portrait'>\n\t\t\t\t<a href='https:\/\/karmel.hr\/wp-content\/uploads\/2024\/02\/IMG_2534-rotated.jpg'><img loading=\"lazy\" decoding=\"async\" width=\"150\" height=\"150\" src=\"https:\/\/karmel.hr\/wp-content\/uploads\/2024\/02\/IMG_2534-150x150.jpg\" class=\"attachment-thumbnail size-thumbnail\" alt=\"\" \/><\/a>\n\t\t\t<\/div><\/figure><figure class='gallery-item'>\n\t\t\t<div class='gallery-icon landscape'>\n\t\t\t\t<a href='https:\/\/karmel.hr\/wp-content\/uploads\/2024\/02\/IMG_2538.jpg'><img loading=\"lazy\" decoding=\"async\" width=\"150\" height=\"150\" src=\"https:\/\/karmel.hr\/wp-content\/uploads\/2024\/02\/IMG_2538-150x150.jpg\" class=\"attachment-thumbnail size-thumbnail\" alt=\"\" \/><\/a>\n\t\t\t<\/div><\/figure><figure class='gallery-item'>\n\t\t\t<div class='gallery-icon landscape'>\n\t\t\t\t<a href='https:\/\/karmel.hr\/wp-content\/uploads\/2024\/02\/IMG_2544.jpg'><img loading=\"lazy\" decoding=\"async\" width=\"150\" height=\"150\" src=\"https:\/\/karmel.hr\/wp-content\/uploads\/2024\/02\/IMG_2544-150x150.jpg\" class=\"attachment-thumbnail size-thumbnail\" alt=\"\" \/><\/a>\n\t\t\t<\/div><\/figure><figure class='gallery-item'>\n\t\t\t<div class='gallery-icon landscape'>\n\t\t\t\t<a href='https:\/\/karmel.hr\/wp-content\/uploads\/2024\/02\/IMG_2547.jpg'><img loading=\"lazy\" decoding=\"async\" width=\"150\" height=\"150\" src=\"https:\/\/karmel.hr\/wp-content\/uploads\/2024\/02\/IMG_2547-150x150.jpg\" class=\"attachment-thumbnail size-thumbnail\" alt=\"\" \/><\/a>\n\t\t\t<\/div><\/figure><figure class='gallery-item'>\n\t\t\t<div class='gallery-icon portrait'>\n\t\t\t\t<a href='https:\/\/karmel.hr\/wp-content\/uploads\/2024\/02\/IMG_2550-rotated.jpg'><img loading=\"lazy\" decoding=\"async\" width=\"150\" height=\"150\" src=\"https:\/\/karmel.hr\/wp-content\/uploads\/2024\/02\/IMG_2550-150x150.jpg\" class=\"attachment-thumbnail size-thumbnail\" alt=\"\" \/><\/a>\n\t\t\t<\/div><\/figure>\n\t\t<\/div>\n\n","protected":false},"excerpt":{"rendered":"<p>U samostanskoj crkvi Karmela Majke Bo\u017eje Bistri\u010dke i bl. Alojzija Stepinca 10. velja\u010de 2024. proslavljeno je Stepin\u010devo sve\u010danom euharistijom.<\/p>\n","protected":false},"author":2,"featured_media":21408,"comment_status":"open","ping_status":"open","sticky":false,"template":"","format":"standard","meta":{"_jetpack_memberships_contains_paid_content":false,"footnotes":"","jetpack_publicize_message":"","jetpack_publicize_feature_enabled":true,"jetpack_social_post_already_shared":true,"jetpack_social_options":{"image_generator_settings":{"template":"highway","default_image_id":0,"font":"","enabled":false},"version":2}},"categories":[1],"tags":[],"class_list":["post-21405","post","type-post","status-publish","format-standard","has-post-thumbnail","hentry","category-nekategorizirano"],"jetpack_publicize_connections":[],"jetpack_featured_media_url":"https:\/\/karmel.hr\/wp-content\/uploads\/2024\/02\/IMG_2544.jpg","jetpack_sharing_enabled":true,"jetpack-related-posts":[],"_links":{"self":[{"href":"https:\/\/karmel.hr\/index.php?rest_route=\/wp\/v2\/posts\/21405","targetHints":{"allow":["GET"]}}],"collection":[{"href":"https:\/\/karmel.hr\/index.php?rest_route=\/wp\/v2\/posts"}],"about":[{"href":"https:\/\/karmel.hr\/index.php?rest_route=\/wp\/v2\/types\/post"}],"author":[{"embeddable":true,"href":"https:\/\/karmel.hr\/index.php?rest_route=\/wp\/v2\/users\/2"}],"replies":[{"embeddable":true,"href":"https:\/\/karmel.hr\/index.php?rest_route=%2Fwp%2Fv2%2Fcomments&post=21405"}],"version-history":[{"count":1,"href":"https:\/\/karmel.hr\/index.php?rest_route=\/wp\/v2\/posts\/21405\/revisions"}],"predecessor-version":[{"id":21411,"href":"https:\/\/karmel.hr\/index.php?rest_route=\/wp\/v2\/posts\/21405\/revisions\/21411"}],"wp:featuredmedia":[{"embeddable":true,"href":"https:\/\/karmel.hr\/index.php?rest_route=\/wp\/v2\/media\/21408"}],"wp:attachment":[{"href":"https:\/\/karmel.hr\/index.php?rest_route=%2Fwp%2Fv2%2Fmedia&parent=21405"}],"wp:term":[{"taxonomy":"category","embeddable":true,"href":"https:\/\/karmel.hr\/index.php?rest_route=%2Fwp%2Fv2%2Fcategories&post=21405"},{"taxonomy":"post_tag","embeddable":true,"href":"https:\/\/karmel.hr\/index.php?rest_route=%2Fwp%2Fv2%2Ftags&post=21405"}],"curies":[{"name":"wp","href":"https:\/\/api.w.org\/{rel}","templated":true}]}}