{"id":21541,"date":"2024-03-14T23:57:26","date_gmt":"2024-03-14T22:57:26","guid":{"rendered":"https:\/\/karmel.hr\/?p=21541"},"modified":"2024-03-14T23:57:26","modified_gmt":"2024-03-14T22:57:26","slug":"biskupi-u-posjetu-sarajevskom-karmelu","status":"publish","type":"post","link":"https:\/\/karmel.hr\/?p=21541","title":{"rendered":"Biskupi u posjetu sarajevskom Karmelu"},"content":{"rendered":"<p style=\"font-weight: 400;\">U popodnevnim satima 12. o\u017eujka, prije po\u010detka misnog slavlja uo\u010di XXVI. zajedni\u010dkog zasjedanja Biskupske konferencije BiH i Hrvatske biskupske konferencije, samostan bosonogih karmeli\u0107anki u Sarajevu pohodila su trojica biskupa iz Hrvatske.<!--more--><\/p>\n<p style=\"font-weight: 400;\">U posjet sestrama u njihovu samostanu u sarajevskom naselju i \u017eupi Stup do\u0161li su nadbiskup \u0111akova\u010dko-osje\u010dki mons. \u0110uro Hrani\u0107, biskup vara\u017edinski mons. Bo\u017ee Rado\u0161, pomo\u0107ni biskup \u0111akova\u010dko-osje\u010dki mons. Ivan \u0106uri\u0107, a s njima je bio i tajnik Nadbiskupskog ordinarijata u \u0110akovu vl\u010d. Nikola Klemen.<\/p>\n<p style=\"font-weight: 400;\">Biskupi su se u razgovoru zanimali za \u017eivot zajednice sestara, ukratko su predstavili stanje u svojim biskupijama i nadbiskupijama, te su sestrama na osobit na\u010din u molitve preporu\u010dili nova sve\u0107eni\u010dka zvanja.<\/p>\n<p style=\"font-weight: 400;\">\u010casna majka Jelena Lipi\u0107, u ime sestra i trenutno odsutne kandidatice koja se priprema za po\u010detak postulature, zahvalila je gostima na dolasku i o\u010dinskoj podr\u0161ci te obe\u0107ala da \u0107e sestre moliti za njih i na njihove nakane.<\/p>\n<div id='gallery-1' class='gallery galleryid-21541 gallery-columns-1 gallery-size-full'><figure class='gallery-item'>\n\t\t\t<div class='gallery-icon landscape'>\n\t\t\t\t<a href='https:\/\/karmel.hr\/wp-content\/uploads\/2024\/03\/IMG-20240313-WA0002.jpg'><img loading=\"lazy\" decoding=\"async\" width=\"1600\" height=\"720\" src=\"https:\/\/karmel.hr\/wp-content\/uploads\/2024\/03\/IMG-20240313-WA0002.jpg\" class=\"attachment-full size-full\" alt=\"\" srcset=\"https:\/\/karmel.hr\/wp-content\/uploads\/2024\/03\/IMG-20240313-WA0002.jpg 1600w, https:\/\/karmel.hr\/wp-content\/uploads\/2024\/03\/IMG-20240313-WA0002-300x135.jpg 300w, https:\/\/karmel.hr\/wp-content\/uploads\/2024\/03\/IMG-20240313-WA0002-1024x461.jpg 1024w, https:\/\/karmel.hr\/wp-content\/uploads\/2024\/03\/IMG-20240313-WA0002-768x346.jpg 768w, https:\/\/karmel.hr\/wp-content\/uploads\/2024\/03\/IMG-20240313-WA0002-1536x691.jpg 1536w\" sizes=\"auto, (max-width: 1600px) 100vw, 1600px\" \/><\/a>\n\t\t\t<\/div><\/figure>\n\t\t<\/div>\n\n","protected":false},"excerpt":{"rendered":"<p>U popodnevnim satima 12. o\u017eujka, prije po\u010detka misnog slavlja uo\u010di XXVI. zajedni\u010dkog zasjedanja Biskupske konferencije BiH i Hrvatske biskupske konferencije, samostan bosonogih karmeli\u0107anki u Sarajevu pohodila su trojica biskupa iz Hrvatske.<\/p>\n","protected":false},"author":2,"featured_media":21542,"comment_status":"open","ping_status":"open","sticky":false,"template":"","format":"standard","meta":{"_jetpack_memberships_contains_paid_content":false,"footnotes":"","jetpack_publicize_message":"","jetpack_publicize_feature_enabled":true,"jetpack_social_post_already_shared":true,"jetpack_social_options":{"image_generator_settings":{"template":"highway","default_image_id":0,"font":"","enabled":false},"version":2}},"categories":[1],"tags":[],"class_list":["post-21541","post","type-post","status-publish","format-standard","has-post-thumbnail","hentry","category-nekategorizirano"],"jetpack_publicize_connections":[],"jetpack_featured_media_url":"https:\/\/karmel.hr\/wp-content\/uploads\/2024\/03\/IMG-20240313-WA0002.jpg","jetpack_sharing_enabled":true,"jetpack-related-posts":[],"_links":{"self":[{"href":"https:\/\/karmel.hr\/index.php?rest_route=\/wp\/v2\/posts\/21541","targetHints":{"allow":["GET"]}}],"collection":[{"href":"https:\/\/karmel.hr\/index.php?rest_route=\/wp\/v2\/posts"}],"about":[{"href":"https:\/\/karmel.hr\/index.php?rest_route=\/wp\/v2\/types\/post"}],"author":[{"embeddable":true,"href":"https:\/\/karmel.hr\/index.php?rest_route=\/wp\/v2\/users\/2"}],"replies":[{"embeddable":true,"href":"https:\/\/karmel.hr\/index.php?rest_route=%2Fwp%2Fv2%2Fcomments&post=21541"}],"version-history":[{"count":1,"href":"https:\/\/karmel.hr\/index.php?rest_route=\/wp\/v2\/posts\/21541\/revisions"}],"predecessor-version":[{"id":21543,"href":"https:\/\/karmel.hr\/index.php?rest_route=\/wp\/v2\/posts\/21541\/revisions\/21543"}],"wp:featuredmedia":[{"embeddable":true,"href":"https:\/\/karmel.hr\/index.php?rest_route=\/wp\/v2\/media\/21542"}],"wp:attachment":[{"href":"https:\/\/karmel.hr\/index.php?rest_route=%2Fwp%2Fv2%2Fmedia&parent=21541"}],"wp:term":[{"taxonomy":"category","embeddable":true,"href":"https:\/\/karmel.hr\/index.php?rest_route=%2Fwp%2Fv2%2Fcategories&post=21541"},{"taxonomy":"post_tag","embeddable":true,"href":"https:\/\/karmel.hr\/index.php?rest_route=%2Fwp%2Fv2%2Ftags&post=21541"}],"curies":[{"name":"wp","href":"https:\/\/api.w.org\/{rel}","templated":true}]}}