{"id":21619,"date":"2024-05-05T21:10:15","date_gmt":"2024-05-05T19:10:15","guid":{"rendered":"https:\/\/karmel.hr\/?p=21619"},"modified":"2024-05-05T21:12:34","modified_gmt":"2024-05-05T19:12:34","slug":"posljednji-ispracaj-petra-jozica","status":"publish","type":"post","link":"https:\/\/karmel.hr\/?p=21619","title":{"rendered":"Posljednji ispra\u0107aj Petra Jozi\u0107a"},"content":{"rendered":"<p style=\"font-weight: 400;\">U ponedjeljak 29. travnja 2024. u 97 godini \u017eivota blago u Gospodinu preminuo je gospodin Petar Jozi\u0107, otac na\u0161eg o. An\u0111elka.<!--more--> Posljednji ispra\u0107aj u \u010detvrtak, 2. svibnja 2024. u 13 sati na groblju u Remetama vodio je \u017eupnik \u017eupe Savski gaj u Zagrebu u kojoj je pokojni Petar \u017eivio, vl\u010d. Martin Krizmani\u0107. Nakon sprovoda svetu misu zadu\u0161nicu u remetskom \u0160atoru sastanka u koncelebraciji s 24 sve\u0107enika predslavio je provincijal o. Vinko Mami\u0107, a propovijedao je fra Ivan Bradari\u0107, konventualac i pokojnikov sumje\u0161tanin iz Vuk\u0161i\u0107a.<\/p>\n<p style=\"font-weight: 400;\">Polaze\u0107i od evan\u0111elja o bla\u017eenstvima, fra Ivan je istaknuo: \u201ePetar je poput starozavjetnog Abrahama otac vjere koju je naslijedio od svoga oca Marijana. Vjere koju je prenio na svoje sinove i k\u0107eri, a ovi pak dalje. Petar je skupa sa svojom dragom Lucom ro\u0111enom Stjepanovi\u0107 dobio jedanaestero djece. Danas bi se to smatralo socijalnim slu\u010dajem, tom bi se temom bavili mediji, vodile rasprave. Onda je to bilo neupitno, normalno. Znali su ti na\u0161i stari da je \u017eivot dar Bo\u017eji&#8230; Petar je bio t\u00e8\u017e\u0101k: volio je miris polja, poko\u0161ena sijena, tek zaorane brazde zemlje, mirisao je po svojim konjima, s kojima je radio po cijeli dan, radovao se poslu, ni\u0161ta mu nije bilo te\u0161ko napraviti, ni sebi ni drugome. Bio je izuzetno jak \u010dovjek, a blage naravi&#8230; A onda rat i progonstvo! Golemo bogatstvo, a zemlja jest bogatstvo koje je naslijedio i jo\u0161 puno toga stekao: strojeve, zgrade, \u017eivot, pro\u0161lost, uspomene, planove \u2013 sve je to ostavio i opet poput praoca Abrahama oti\u0161ao u nepoznato. Nije proklinjao. Samo je mirno prihvatio to novo stanje i Bogu predao svoj put i put svoje raspr\u0161ene obitelji. Dobro mi je poznato da su u tom novom snala\u017eenju, kako Petru tako i mnogim drugim ljudima iz na\u0161e Bosanske Posavine, pomogli upravo redovnici ovoga samostana&#8230; Petrov \u017eivot i Petrova vjera nadma\u0161ili su sve na\u0161e rije\u010di. Duboka, istinska, diskretna vjera, ali u isto vrijeme nepokolebljiva, nedodirljiva. On je istinski vjerovao&#8230; Dragi na\u0161 Petrane, hvala ti za svjedo\u010danstvo vjere koje si ostavio u ba\u0161tinu svima nama.\u201c<\/p>\n<p style=\"font-weight: 400;\">Vrlo osobno bilo je i svjedo\u010danstvo o. Ante Kne\u017eevi\u0107a na kraju svete mise: \u201eOvdje stvarno imamo jednu osobu koja u sebi nosi bogatstvo \u017eivota. Petra se jako dobro sje\u0107am kao jednostavnog, bliskog, pristupa\u010dnog, plemenitog \u010dovjeka koji je sa svima mogao na\u0107i zajedni\u010dki jezik. I nikad ga nisam vidio ljutog, bijesnog. A \u017eivot ga nije mazio. Sjetimo se: bio je bri\u017ean suprug, otac jedanaestero djece \u2013 sve su to bili \u017eivotni izazovi. On se nije nikad previ\u0161e tu\u017eio. Jedan je glavni razlog za\u0161to je tako, a to je \u0161to se napajao na tom izvoru Bo\u017eje ljubavi: na Bo\u017ejoj rije\u010di, na sakramentima, molitvi osobnoj i zajedni\u010dkoj. Uz sav njegov trud i rad po cijele dane uvijek je na\u0161ao vremena za to, i tu nam ostaje primjer.\u201c<\/p>\n<div id='gallery-1' class='gallery galleryid-21619 gallery-columns-4 gallery-size-thumbnail'><figure class='gallery-item'>\n\t\t\t<div class='gallery-icon landscape'>\n\t\t\t\t<a href='https:\/\/karmel.hr\/wp-content\/uploads\/2024\/05\/Osmrtnica-Petar-Jozic.jpg'><img loading=\"lazy\" decoding=\"async\" width=\"150\" height=\"150\" src=\"https:\/\/karmel.hr\/wp-content\/uploads\/2024\/05\/Osmrtnica-Petar-Jozic-150x150.jpg\" class=\"attachment-thumbnail size-thumbnail\" alt=\"\" \/><\/a>\n\t\t\t<\/div><\/figure><figure class='gallery-item'>\n\t\t\t<div class='gallery-icon landscape'>\n\t\t\t\t<a href='https:\/\/karmel.hr\/wp-content\/uploads\/2024\/05\/Petar-Jozic-pred-mrtvacnicom-sa-s.-Anom.jpg'><img loading=\"lazy\" decoding=\"async\" width=\"150\" height=\"150\" src=\"https:\/\/karmel.hr\/wp-content\/uploads\/2024\/05\/Petar-Jozic-pred-mrtvacnicom-sa-s.-Anom-150x150.jpg\" class=\"attachment-thumbnail size-thumbnail\" alt=\"\" \/><\/a>\n\t\t\t<\/div><\/figure><figure class='gallery-item'>\n\t\t\t<div class='gallery-icon landscape'>\n\t\t\t\t<a href='https:\/\/karmel.hr\/wp-content\/uploads\/2024\/05\/Petar-Jozic-pred-mrtvacnicom.jpg'><img loading=\"lazy\" decoding=\"async\" width=\"150\" height=\"150\" src=\"https:\/\/karmel.hr\/wp-content\/uploads\/2024\/05\/Petar-Jozic-pred-mrtvacnicom-150x150.jpg\" class=\"attachment-thumbnail size-thumbnail\" alt=\"\" \/><\/a>\n\t\t\t<\/div><\/figure><figure class='gallery-item'>\n\t\t\t<div class='gallery-icon landscape'>\n\t\t\t\t<a href='https:\/\/karmel.hr\/wp-content\/uploads\/2024\/05\/Petar-Jozic-na-grobu.jpg'><img loading=\"lazy\" decoding=\"async\" width=\"150\" height=\"150\" src=\"https:\/\/karmel.hr\/wp-content\/uploads\/2024\/05\/Petar-Jozic-na-grobu-150x150.jpg\" class=\"attachment-thumbnail size-thumbnail\" alt=\"\" \/><\/a>\n\t\t\t<\/div><\/figure>\n\t\t<\/div>\n\n","protected":false},"excerpt":{"rendered":"<p>U ponedjeljak 29. travnja 2024. u 97 godini \u017eivota blago u Gospodinu preminuo je gospodin Petar Jozi\u0107, otac na\u0161eg o. An\u0111elka.<\/p>\n","protected":false},"author":2,"featured_media":21622,"comment_status":"open","ping_status":"open","sticky":false,"template":"","format":"standard","meta":{"_jetpack_memberships_contains_paid_content":false,"footnotes":"","jetpack_publicize_message":"","jetpack_publicize_feature_enabled":true,"jetpack_social_post_already_shared":true,"jetpack_social_options":{"image_generator_settings":{"template":"highway","default_image_id":0,"font":"","enabled":false},"version":2}},"categories":[1],"tags":[],"class_list":["post-21619","post","type-post","status-publish","format-standard","has-post-thumbnail","hentry","category-nekategorizirano"],"jetpack_publicize_connections":[],"jetpack_featured_media_url":"https:\/\/karmel.hr\/wp-content\/uploads\/2024\/05\/Petar-Jozic-na-grobu.jpg","jetpack_sharing_enabled":true,"jetpack-related-posts":[],"_links":{"self":[{"href":"https:\/\/karmel.hr\/index.php?rest_route=\/wp\/v2\/posts\/21619","targetHints":{"allow":["GET"]}}],"collection":[{"href":"https:\/\/karmel.hr\/index.php?rest_route=\/wp\/v2\/posts"}],"about":[{"href":"https:\/\/karmel.hr\/index.php?rest_route=\/wp\/v2\/types\/post"}],"author":[{"embeddable":true,"href":"https:\/\/karmel.hr\/index.php?rest_route=\/wp\/v2\/users\/2"}],"replies":[{"embeddable":true,"href":"https:\/\/karmel.hr\/index.php?rest_route=%2Fwp%2Fv2%2Fcomments&post=21619"}],"version-history":[{"count":3,"href":"https:\/\/karmel.hr\/index.php?rest_route=\/wp\/v2\/posts\/21619\/revisions"}],"predecessor-version":[{"id":21626,"href":"https:\/\/karmel.hr\/index.php?rest_route=\/wp\/v2\/posts\/21619\/revisions\/21626"}],"wp:featuredmedia":[{"embeddable":true,"href":"https:\/\/karmel.hr\/index.php?rest_route=\/wp\/v2\/media\/21622"}],"wp:attachment":[{"href":"https:\/\/karmel.hr\/index.php?rest_route=%2Fwp%2Fv2%2Fmedia&parent=21619"}],"wp:term":[{"taxonomy":"category","embeddable":true,"href":"https:\/\/karmel.hr\/index.php?rest_route=%2Fwp%2Fv2%2Fcategories&post=21619"},{"taxonomy":"post_tag","embeddable":true,"href":"https:\/\/karmel.hr\/index.php?rest_route=%2Fwp%2Fv2%2Ftags&post=21619"}],"curies":[{"name":"wp","href":"https:\/\/api.w.org\/{rel}","templated":true}]}}