{"id":21630,"date":"2024-05-09T22:10:06","date_gmt":"2024-05-09T20:10:06","guid":{"rendered":"https:\/\/karmel.hr\/?p=21630"},"modified":"2024-05-09T22:10:06","modified_gmt":"2024-05-09T20:10:06","slug":"pocetak-novicijata-postulantice-mihaele-kolaric","status":"publish","type":"post","link":"https:\/\/karmel.hr\/?p=21630","title":{"rendered":"Po\u010detak novicijata postulantice Mihaele Kolari\u0107"},"content":{"rendered":"<p style=\"font-weight: 400;\">Na 126. ro\u0111endan utemeljitelja brezovi\u010dkog Karmela bl. Alojzija Stepinca i na spomendan Marije Posrednice Svih Milosti, u srijedu 8. svibnja 2024., postulantica Mihaela Kolari\u0107 iz \u017dupe Ro\u0111enja Isusova na zagreba\u010dkoj Kajzerici zapo\u010dela je svoj novicijat i primila karmelsko redovni\u010dko odijelo.<!--more--><\/p>\n<p style=\"font-weight: 400;\">Za taj \u010din pripremala se kroz vrijeme kandidature i postulature, kao i osobnim osmodnevnim duhovnim vje\u017ebama uo\u010di samog obla\u010denja redovni\u010dkog odijela. Kao redovni\u010dko ime odabrala je s. Marija Veronika od Uskrsnu\u0107a, \u0161to je i njezin program za redovni\u010dki \u017eivot u Karmelu, ba\u0161 kao i njezino geslo, \u201eMoje mi srce govori: tra\u017ei lice njegovo!\u201c (Ps 27,8) koje izra\u017eava \u017eelju da bude Bogotra\u017eiteljica kroz cijeli \u017eivot i na taj na\u010din donosi svijet Bogu i Boga svijetu.<\/p>\n<p style=\"font-weight: 400;\">Obred uvo\u0111enja u redovni\u010dki \u017eivot predvodila je \u010dasna Majka Marija Regina od Presvete Euharistije, koja se u prigodnom nagovoru osvrnula na novo ime postulantice Mihaele i na njegovo zna\u010denje. Potaknula ju je na radosno i predano slu\u017eenju dragom Bogu i Majci Crkvi, kao i na\u0161em Karmelskom redu.<\/p>\n<p style=\"font-weight: 400;\">Obred ulaska u novicijat s. M. Veronike zavr\u0161io je pjesmom Karmelskoj Gospi i srda\u010dnim \u010destitkama sestara svojoj novoj susestri.<\/p>\n<div id='gallery-1' class='gallery galleryid-21630 gallery-columns-4 gallery-size-thumbnail'><figure class='gallery-item'>\n\t\t\t<div class='gallery-icon landscape'>\n\t\t\t\t<a href='https:\/\/karmel.hr\/wp-content\/uploads\/2024\/05\/DSCN9361.jpg'><img loading=\"lazy\" decoding=\"async\" width=\"150\" height=\"150\" src=\"https:\/\/karmel.hr\/wp-content\/uploads\/2024\/05\/DSCN9361-150x150.jpg\" class=\"attachment-thumbnail size-thumbnail\" alt=\"\" \/><\/a>\n\t\t\t<\/div><\/figure><figure class='gallery-item'>\n\t\t\t<div class='gallery-icon landscape'>\n\t\t\t\t<a href='https:\/\/karmel.hr\/wp-content\/uploads\/2024\/05\/DSCN9362.jpg'><img loading=\"lazy\" decoding=\"async\" width=\"150\" height=\"150\" src=\"https:\/\/karmel.hr\/wp-content\/uploads\/2024\/05\/DSCN9362-150x150.jpg\" class=\"attachment-thumbnail size-thumbnail\" alt=\"\" \/><\/a>\n\t\t\t<\/div><\/figure><figure class='gallery-item'>\n\t\t\t<div class='gallery-icon landscape'>\n\t\t\t\t<a href='https:\/\/karmel.hr\/wp-content\/uploads\/2024\/05\/DSCN9379.jpg'><img loading=\"lazy\" decoding=\"async\" width=\"150\" height=\"150\" src=\"https:\/\/karmel.hr\/wp-content\/uploads\/2024\/05\/DSCN9379-150x150.jpg\" class=\"attachment-thumbnail size-thumbnail\" alt=\"\" \/><\/a>\n\t\t\t<\/div><\/figure><figure class='gallery-item'>\n\t\t\t<div class='gallery-icon landscape'>\n\t\t\t\t<a href='https:\/\/karmel.hr\/wp-content\/uploads\/2024\/05\/DSCN9337.jpg'><img loading=\"lazy\" decoding=\"async\" width=\"150\" height=\"150\" src=\"https:\/\/karmel.hr\/wp-content\/uploads\/2024\/05\/DSCN9337-150x150.jpg\" class=\"attachment-thumbnail size-thumbnail\" alt=\"\" \/><\/a>\n\t\t\t<\/div><\/figure>\n\t\t<\/div>\n\n","protected":false},"excerpt":{"rendered":"<p>Na 126. ro\u0111endan utemeljitelja brezovi\u010dkog Karmela bl. Alojzija Stepinca i na spomendan Marije Posrednice Svih Milosti, u srijedu 8. svibnja 2024., postulantica Mihaela Kolari\u0107 iz \u017dupe Ro\u0111enja Isusova na zagreba\u010dkoj Kajzerici zapo\u010dela je svoj novicijat i primila karmelsko redovni\u010dko odijelo.<\/p>\n","protected":false},"author":2,"featured_media":21633,"comment_status":"open","ping_status":"open","sticky":false,"template":"","format":"standard","meta":{"_jetpack_memberships_contains_paid_content":false,"footnotes":"","jetpack_publicize_message":"","jetpack_publicize_feature_enabled":true,"jetpack_social_post_already_shared":true,"jetpack_social_options":{"image_generator_settings":{"template":"highway","default_image_id":0,"font":"","enabled":false},"version":2}},"categories":[1],"tags":[],"class_list":["post-21630","post","type-post","status-publish","format-standard","has-post-thumbnail","hentry","category-nekategorizirano"],"jetpack_publicize_connections":[],"jetpack_featured_media_url":"https:\/\/karmel.hr\/wp-content\/uploads\/2024\/05\/DSCN9362.jpg","jetpack_sharing_enabled":true,"jetpack-related-posts":[],"_links":{"self":[{"href":"https:\/\/karmel.hr\/index.php?rest_route=\/wp\/v2\/posts\/21630","targetHints":{"allow":["GET"]}}],"collection":[{"href":"https:\/\/karmel.hr\/index.php?rest_route=\/wp\/v2\/posts"}],"about":[{"href":"https:\/\/karmel.hr\/index.php?rest_route=\/wp\/v2\/types\/post"}],"author":[{"embeddable":true,"href":"https:\/\/karmel.hr\/index.php?rest_route=\/wp\/v2\/users\/2"}],"replies":[{"embeddable":true,"href":"https:\/\/karmel.hr\/index.php?rest_route=%2Fwp%2Fv2%2Fcomments&post=21630"}],"version-history":[{"count":1,"href":"https:\/\/karmel.hr\/index.php?rest_route=\/wp\/v2\/posts\/21630\/revisions"}],"predecessor-version":[{"id":21635,"href":"https:\/\/karmel.hr\/index.php?rest_route=\/wp\/v2\/posts\/21630\/revisions\/21635"}],"wp:featuredmedia":[{"embeddable":true,"href":"https:\/\/karmel.hr\/index.php?rest_route=\/wp\/v2\/media\/21633"}],"wp:attachment":[{"href":"https:\/\/karmel.hr\/index.php?rest_route=%2Fwp%2Fv2%2Fmedia&parent=21630"}],"wp:term":[{"taxonomy":"category","embeddable":true,"href":"https:\/\/karmel.hr\/index.php?rest_route=%2Fwp%2Fv2%2Fcategories&post=21630"},{"taxonomy":"post_tag","embeddable":true,"href":"https:\/\/karmel.hr\/index.php?rest_route=%2Fwp%2Fv2%2Ftags&post=21630"}],"curies":[{"name":"wp","href":"https:\/\/api.w.org\/{rel}","templated":true}]}}