{"id":21654,"date":"2024-05-15T15:35:09","date_gmt":"2024-05-15T13:35:09","guid":{"rendered":"https:\/\/karmel.hr\/?p=21654"},"modified":"2024-05-15T15:35:09","modified_gmt":"2024-05-15T13:35:09","slug":"posljednji-ispracaj-mihaela-rezeka-oca-s-emanuele","status":"publish","type":"post","link":"https:\/\/karmel.hr\/?p=21654","title":{"rendered":"Posljednji ispra\u0107aj Mihaela Re\u017eeka, oca s. Emanuele"},"content":{"rendered":"<p style=\"font-weight: 400;\">Na spomendan bl. Ivana Merza, 10. svibnja 2024., u 79. godini \u017eivota i okrijepljenog svetim sakramentima Gospodin je pozvao u svoj dom oca na\u0161e s. Emanuele iz Karmela u Gospi\u0107u, gospodina Mihaela Re\u017eeka.<!--more--> Na mjesnom groblju u Cirkovljanu pokraj Preloga u Me\u0111imurju, na posljednjem ispra\u0107aju 13. svibnja okupilo se mno\u0161tvo ljudi, uz asistenciju devet sve\u0107enika i jednog \u0111akona, te na\u0161e bra\u0107e koja su do\u0161la iz Gospi\u0107a, Remeta i Graza.<\/p>\n<p style=\"font-weight: 400;\">Vl\u010d. Dominik Cestar, \u017eupni kapelan, u homiliji na groblju istaknuo je neke osnovne zna\u010dajke pokojnikovog \u017eivota:<\/p>\n<p style=\"font-weight: 400;\">\u201eMihael Re\u017eek ro\u0111en je 21. rujna 1945. od oca Lovre i majke Klare. 11. lipnja 1970. pred Bogom svoju je vjernost obe\u0107ao supruzi Mariji, tada Mihotek. Zajedno s njom imao je 3 sina i 6 k\u0107eri koje su te\u0161ko, ali vjerni\u010dki bri\u017eno i odgovorno podizali na noge i upravljali k samostalnosti\u2026 Mihael je svojim \u017eivotom nastojao ispuniti svetopisamske rije\u010di o vjernom i razumnom upravitelju, o poslu\u0161nom i strpljivom sluzi koji se kroz patnje i pote\u0161ko\u0107e suobli\u010duje samom Kristu\u2026 Bio je tesar. Taj zanat je nau\u010dio od svog pokojnog oca, upravo kao Isus od svog zemaljskog poo\u010dima, svetog Josipa. Jednostavnost, vje\u0161tina i spretnost u poslu, a nadasve pobo\u017enost vrline su koje su krasile pokojnog Mihaela.\u201c<\/p>\n<p style=\"font-weight: 400;\">\u201eCijelog je \u017eivota zajedno sa suprugom Marijom bio vjeran Bogu, \u0161to je ponajprije dokazala i njihova otvorenost \u017eivotu koja je blagoslovila njihov \u017eivot zrelom i odgovornom djecom i brojnim unucima. Svojom vjerno\u0161\u0107u i pobo\u017eno\u0161\u0107u i obiteljskom privr\u017eeno\u0161\u0107u Bogu i Crkvi stvorili su ozra\u010dje u kojem je moglo niknuti i posebno duhovno zvanje, karmeli\u0107anka s. Emanuela, koja svojom molitvom i tihom prisutno\u0161\u0107u i radom zagovara i prikazuje ne samo svoju obitelj i ovu \u017eupu, nego i potrebe \u010ditave Crkve.\u201c<\/p>\n<p style=\"font-weight: 400;\">\u201eMihael je bio skromna osoba, ali \u010dvrsta i odlu\u010dna karaktera. U svojoj bolesti s kojom se suo\u010davao posljednjih godina ostao je strpljiv i nepokolebana duha. Upravo kao i Isus Krist na kri\u017eu\u2026 Mi\u0161ko je bio umoran od ovog prolaznog i \u017eedan onog vje\u010dnog, neprolaznog, \u017eedan Isusa Krista\u2026 Jednostavnost, vje\u0161tina i spretnost u poslu, nadasve pobo\u017enost su vrline koje su krasile pokojnog Mihaela\u2026 Njegovi posljednji mjeseci bili su poput svije\u0107e koja se polako, ali sigurno tro\u0161i i gasi, ali koja i dalje svijetli svima koji su oko nje.\u201c<\/p>\n<p style=\"font-weight: 400;\">Du\u0161u pokojnog Mihaela, kao i cijelu obitelj, preporu\u010damo u molitve.<\/p>\n<div id='gallery-1' class='gallery galleryid-21654 gallery-columns-3 gallery-size-thumbnail'><figure class='gallery-item'>\n\t\t\t<div class='gallery-icon landscape'>\n\t\t\t\t<a href='https:\/\/karmel.hr\/wp-content\/uploads\/2024\/05\/obitelj-1.jpeg'><img loading=\"lazy\" decoding=\"async\" width=\"150\" height=\"150\" src=\"https:\/\/karmel.hr\/wp-content\/uploads\/2024\/05\/obitelj-1-150x150.jpeg\" class=\"attachment-thumbnail size-thumbnail\" alt=\"\" \/><\/a>\n\t\t\t<\/div><\/figure><figure class='gallery-item'>\n\t\t\t<div class='gallery-icon portrait'>\n\t\t\t\t<a href='https:\/\/karmel.hr\/wp-content\/uploads\/2024\/05\/pocetna.jpeg'><img loading=\"lazy\" decoding=\"async\" width=\"150\" height=\"150\" src=\"https:\/\/karmel.hr\/wp-content\/uploads\/2024\/05\/pocetna-150x150.jpeg\" class=\"attachment-thumbnail size-thumbnail\" alt=\"\" \/><\/a>\n\t\t\t<\/div><\/figure><figure class='gallery-item'>\n\t\t\t<div class='gallery-icon landscape'>\n\t\t\t\t<a href='https:\/\/karmel.hr\/wp-content\/uploads\/2024\/05\/obitelj.jpeg'><img loading=\"lazy\" decoding=\"async\" width=\"150\" height=\"150\" src=\"https:\/\/karmel.hr\/wp-content\/uploads\/2024\/05\/obitelj-150x150.jpeg\" class=\"attachment-thumbnail size-thumbnail\" alt=\"\" \/><\/a>\n\t\t\t<\/div><\/figure><figure class='gallery-item'>\n\t\t\t<div class='gallery-icon landscape'>\n\t\t\t\t<a href='https:\/\/karmel.hr\/wp-content\/uploads\/2024\/05\/svecenici.jpeg'><img loading=\"lazy\" decoding=\"async\" width=\"150\" height=\"150\" src=\"https:\/\/karmel.hr\/wp-content\/uploads\/2024\/05\/svecenici-150x150.jpeg\" class=\"attachment-thumbnail size-thumbnail\" alt=\"\" \/><\/a>\n\t\t\t<\/div><\/figure><figure class='gallery-item'>\n\t\t\t<div class='gallery-icon landscape'>\n\t\t\t\t<a href='https:\/\/karmel.hr\/wp-content\/uploads\/2024\/05\/nad-rakom.jpeg'><img loading=\"lazy\" decoding=\"async\" width=\"150\" height=\"150\" src=\"https:\/\/karmel.hr\/wp-content\/uploads\/2024\/05\/nad-rakom-150x150.jpeg\" class=\"attachment-thumbnail size-thumbnail\" alt=\"\" \/><\/a>\n\t\t\t<\/div><\/figure><figure class='gallery-item'>\n\t\t\t<div class='gallery-icon landscape'>\n\t\t\t\t<a href='https:\/\/karmel.hr\/wp-content\/uploads\/2024\/05\/zadusnica.jpeg'><img loading=\"lazy\" decoding=\"async\" width=\"150\" height=\"150\" src=\"https:\/\/karmel.hr\/wp-content\/uploads\/2024\/05\/zadusnica-150x150.jpeg\" class=\"attachment-thumbnail size-thumbnail\" alt=\"\" \/><\/a>\n\t\t\t<\/div><\/figure>\n\t\t<\/div>\n\n","protected":false},"excerpt":{"rendered":"<p>Na spomendan bl. Ivana Merza, 10. svibnja 2024., u 79. godini \u017eivota i okrijepljenog svetim sakramentima Gospodin je pozvao u svoj dom oca na\u0161e s. Emanuele iz Karmela u Gospi\u0107u, gospodina Mihaela Re\u017eeka.<\/p>\n","protected":false},"author":2,"featured_media":21657,"comment_status":"open","ping_status":"open","sticky":false,"template":"","format":"standard","meta":{"_jetpack_memberships_contains_paid_content":false,"footnotes":"","jetpack_publicize_message":"","jetpack_publicize_feature_enabled":true,"jetpack_social_post_already_shared":true,"jetpack_social_options":{"image_generator_settings":{"template":"highway","default_image_id":0,"font":"","enabled":false},"version":2}},"categories":[1],"tags":[],"class_list":["post-21654","post","type-post","status-publish","format-standard","has-post-thumbnail","hentry","category-nekategorizirano"],"jetpack_publicize_connections":[],"jetpack_featured_media_url":"https:\/\/karmel.hr\/wp-content\/uploads\/2024\/05\/obitelj.jpeg","jetpack_sharing_enabled":true,"jetpack-related-posts":[],"_links":{"self":[{"href":"https:\/\/karmel.hr\/index.php?rest_route=\/wp\/v2\/posts\/21654","targetHints":{"allow":["GET"]}}],"collection":[{"href":"https:\/\/karmel.hr\/index.php?rest_route=\/wp\/v2\/posts"}],"about":[{"href":"https:\/\/karmel.hr\/index.php?rest_route=\/wp\/v2\/types\/post"}],"author":[{"embeddable":true,"href":"https:\/\/karmel.hr\/index.php?rest_route=\/wp\/v2\/users\/2"}],"replies":[{"embeddable":true,"href":"https:\/\/karmel.hr\/index.php?rest_route=%2Fwp%2Fv2%2Fcomments&post=21654"}],"version-history":[{"count":1,"href":"https:\/\/karmel.hr\/index.php?rest_route=\/wp\/v2\/posts\/21654\/revisions"}],"predecessor-version":[{"id":21661,"href":"https:\/\/karmel.hr\/index.php?rest_route=\/wp\/v2\/posts\/21654\/revisions\/21661"}],"wp:featuredmedia":[{"embeddable":true,"href":"https:\/\/karmel.hr\/index.php?rest_route=\/wp\/v2\/media\/21657"}],"wp:attachment":[{"href":"https:\/\/karmel.hr\/index.php?rest_route=%2Fwp%2Fv2%2Fmedia&parent=21654"}],"wp:term":[{"taxonomy":"category","embeddable":true,"href":"https:\/\/karmel.hr\/index.php?rest_route=%2Fwp%2Fv2%2Fcategories&post=21654"},{"taxonomy":"post_tag","embeddable":true,"href":"https:\/\/karmel.hr\/index.php?rest_route=%2Fwp%2Fv2%2Ftags&post=21654"}],"curies":[{"name":"wp","href":"https:\/\/api.w.org\/{rel}","templated":true}]}}