{"id":21663,"date":"2024-05-17T00:37:08","date_gmt":"2024-05-16T22:37:08","guid":{"rendered":"https:\/\/karmel.hr\/?p=21663"},"modified":"2024-05-17T00:37:08","modified_gmt":"2024-05-16T22:37:08","slug":"karmelski-postulanti-na-susretu-mladih-srijemske-biskupije","status":"publish","type":"post","link":"https:\/\/karmel.hr\/?p=21663","title":{"rendered":"Karmelski postulanti na Susretu mladih Srijemske biskupije"},"content":{"rendered":"<p style=\"font-weight: 400;\">U subotu 11. svibnja postulanti Hrvatske karmelske provincije zajedno su s priorom samostana u Somboru o. Stjepanom Vidakom hodo\u010dastili na Susret mladih Srijemske biskupije koji se odr\u017eao u Maradiku, malom mjestu smje\u0161tenom u blizini Fru\u0161ke gore koju smo tako\u0111er nedavno posjetili.<!--more--> Radosno smo se odazvali na ovaj doga\u0111aj o\u010dekuju\u0107i bogat vjerski program i ugodno dru\u017eenje. Dan je zapo\u010deo ranojutarnjim polaskom prema Subotici gdje smo se pridru\u017eili mladima iz Suboti\u010dke biskupije i u punom autobusu krenuli prema predvi\u0111enoj lokaciji susreta. Nakon kratkog dru\u017eenja i upoznavanja okupljenih, srijemski biskup mons. Fabijan Svalina predslavio je svetu misu zajedno s drugim okupljenim sve\u0107enicima me\u0111u kojima je bio i na\u0161 prior o. Stjepan.<\/p>\n<p style=\"font-weight: 400;\">Poseban gost susreta bio je franjevac konventualac fra Stjepan Br\u010dina koji je poznat po svom plodonosnom radu s mladima u Zagrebu. Odr\u017eao je propovijed i predvodio euharistijsko klanjanje te je u obje te prilike naglasio brojne izazove mladih u suvremenom dru\u0161tvu. Govorio je o tome kako se u takvim uvjetima pribli\u017eiti Gospodinu i otvoriti mu srce na koje Njegova milost neprestano kuca.<\/p>\n<p style=\"font-weight: 400;\">Poslije liturgijskog dijela uslijedili su ru\u010dak i dru\u017eenje na prostranom travnjaku iza \u017eupne crkve sv. Ane, na kojem je bilo mogu\u0107e smjestiti vi\u0161e od 300 mladih pristiglih iz Zagreba i brojnih mjesta u Vojvodini. Fra Stjepan je nakon dru\u017eenja odr\u017eao popodnevnu katehezu na temu gesla susreta \u201eKao \u0161to mene posla Otac i ja \u0161aljem vas\u201c. Govorio je o svom osobnom \u017eivotnom putu do sve\u0107eni\u0161tva, odgovarao na pitanja mladih i ohrabrio ih u daljnjem hodu s Kristom. Nakon ispunjenog i duhovno bogatog dana radosni smo se vratili u na\u0161 samostan.<\/p>\n<div id='gallery-1' class='gallery galleryid-21663 gallery-columns-1 gallery-size-large'><figure class='gallery-item'>\n\t\t\t<div class='gallery-icon portrait'>\n\t\t\t\t<a href='https:\/\/karmel.hr\/wp-content\/uploads\/2024\/05\/IMG_0731-rotated.jpg'><img loading=\"lazy\" decoding=\"async\" width=\"474\" height=\"632\" src=\"https:\/\/karmel.hr\/wp-content\/uploads\/2024\/05\/IMG_0731-768x1024.jpg\" class=\"attachment-large size-large\" alt=\"\" srcset=\"https:\/\/karmel.hr\/wp-content\/uploads\/2024\/05\/IMG_0731-768x1024.jpg 768w, https:\/\/karmel.hr\/wp-content\/uploads\/2024\/05\/IMG_0731-225x300.jpg 225w, https:\/\/karmel.hr\/wp-content\/uploads\/2024\/05\/IMG_0731-1152x1536.jpg 1152w, https:\/\/karmel.hr\/wp-content\/uploads\/2024\/05\/IMG_0731-rotated.jpg 1440w\" sizes=\"auto, (max-width: 474px) 100vw, 474px\" \/><\/a>\n\t\t\t<\/div><\/figure>\n\t\t<\/div>\n\n","protected":false},"excerpt":{"rendered":"<p>U subotu 11. svibnja postulanti Hrvatske karmelske provincije zajedno su s priorom samostana u Somboru o. Stjepanom Vidakom hodo\u010dastili na Susret mladih Srijemske biskupije koji se odr\u017eao u Maradiku, malom mjestu smje\u0161tenom u blizini Fru\u0161ke gore koju smo tako\u0111er nedavno posjetili.<\/p>\n","protected":false},"author":2,"featured_media":21664,"comment_status":"open","ping_status":"open","sticky":false,"template":"","format":"standard","meta":{"_jetpack_memberships_contains_paid_content":false,"footnotes":"","jetpack_publicize_message":"","jetpack_publicize_feature_enabled":true,"jetpack_social_post_already_shared":true,"jetpack_social_options":{"image_generator_settings":{"template":"highway","default_image_id":0,"font":"","enabled":false},"version":2}},"categories":[1],"tags":[],"class_list":["post-21663","post","type-post","status-publish","format-standard","has-post-thumbnail","hentry","category-nekategorizirano"],"jetpack_publicize_connections":[],"jetpack_featured_media_url":"https:\/\/karmel.hr\/wp-content\/uploads\/2024\/05\/IMG_0731-rotated.jpg","jetpack_sharing_enabled":true,"jetpack-related-posts":[],"_links":{"self":[{"href":"https:\/\/karmel.hr\/index.php?rest_route=\/wp\/v2\/posts\/21663","targetHints":{"allow":["GET"]}}],"collection":[{"href":"https:\/\/karmel.hr\/index.php?rest_route=\/wp\/v2\/posts"}],"about":[{"href":"https:\/\/karmel.hr\/index.php?rest_route=\/wp\/v2\/types\/post"}],"author":[{"embeddable":true,"href":"https:\/\/karmel.hr\/index.php?rest_route=\/wp\/v2\/users\/2"}],"replies":[{"embeddable":true,"href":"https:\/\/karmel.hr\/index.php?rest_route=%2Fwp%2Fv2%2Fcomments&post=21663"}],"version-history":[{"count":1,"href":"https:\/\/karmel.hr\/index.php?rest_route=\/wp\/v2\/posts\/21663\/revisions"}],"predecessor-version":[{"id":21665,"href":"https:\/\/karmel.hr\/index.php?rest_route=\/wp\/v2\/posts\/21663\/revisions\/21665"}],"wp:featuredmedia":[{"embeddable":true,"href":"https:\/\/karmel.hr\/index.php?rest_route=\/wp\/v2\/media\/21664"}],"wp:attachment":[{"href":"https:\/\/karmel.hr\/index.php?rest_route=%2Fwp%2Fv2%2Fmedia&parent=21663"}],"wp:term":[{"taxonomy":"category","embeddable":true,"href":"https:\/\/karmel.hr\/index.php?rest_route=%2Fwp%2Fv2%2Fcategories&post=21663"},{"taxonomy":"post_tag","embeddable":true,"href":"https:\/\/karmel.hr\/index.php?rest_route=%2Fwp%2Fv2%2Ftags&post=21663"}],"curies":[{"name":"wp","href":"https:\/\/api.w.org\/{rel}","templated":true}]}}