{"id":21710,"date":"2024-06-04T20:19:52","date_gmt":"2024-06-04T18:19:52","guid":{"rendered":"https:\/\/karmel.hr\/?p=21710"},"modified":"2024-06-04T20:21:21","modified_gmt":"2024-06-04T18:21:21","slug":"zavrsna-izjava-21-skupstine-europskih-redovnickih-konferencija","status":"publish","type":"post","link":"https:\/\/karmel.hr\/?p=21710","title":{"rendered":"Zavr\u0161na izjava 21. skup\u0161tine europskih redovni\u010dkih konferencija"},"content":{"rendered":"<ol>\n<li style=\"font-weight: 400;\"><strong> Uvod: mjesto i vrijeme odr\u017eavanja i tema<\/strong><\/li>\n<\/ol>\n<p style=\"font-weight: 400;\">Dvadeset prva generalna skup\u0161tina europskih redovni\u010dkih konferencija UCESM odr\u017eala se izme\u0111u 15. i 19. travnja 2024., u samostanu Male bra\u0107e u Vranovu (\u010ce\u0161ka Republika).<!--more--> Oko 45 predsjednika, potpredsjednika ili predstavnika razli\u010ditih europskih konferencija vi\u0161ih poglavara iz 23 zemlje sudjelovalo je u ovom petodnevnom doga\u0111aju koji se bavio najrelevantnijom temom, pod nazivom \u201eVjerni\u010dki \u017eivot:\u00a0 identitet i budu\u0107nost. Suo\u010davanje s izazovima dana\u0161njice\u201c. Ovo je teku\u0107a tema, ve\u0107 tijekom pro\u0161lih skup\u0161tina. Novo i posebno te\u017ei\u0161te na ovoj skup\u0161tini je, prema rije\u010dima predsjednika UCESM-a fra Janisa Melnikovsa u svom pozdravnom govoru, ranjivost, suradnja s laicima i sinodalnost. Drugim rije\u010dima, ponovno otkrivanje na\u0161eg vjerni\u010dkog identiteta moglo bi nam pomo\u0107i da se s novom nadom suo\u010dimo s budu\u0107no\u0161\u0107u.<\/p>\n<ol start=\"2\">\n<li style=\"font-weight: 400;\"><strong> Umre\u017eavanje: intrinzi\u010dna vrijednost<\/strong><\/li>\n<\/ol>\n<p style=\"font-weight: 400;\">Neovisno o sadr\u017eaju sjednica, Skup\u0161tina je bila prilika za sve nas da se uklju\u010dimo u vrijedno umre\u017eavanje. Strukturirani, a posebno nestrukturirani trenuci tijekom dana dali su nam dragocjenu priliku da upoznamo nova lica, nove ljude i stvorimo nove odnose. Stvaranje novih prijateljstava intrinzi\u010dna je vrijednost koju ovakva okupljanja UCESM-a neizbje\u017eno nude.<\/p>\n<ol start=\"3\">\n<li style=\"font-weight: 400;\"><strong> Kori\u0161tenje u\u010dinkovitih metoda<\/strong><\/li>\n<\/ol>\n<p style=\"font-weight: 400;\">Sjednice su bile dobra kombinacija razli\u010ditih metoda: uvodi govornika, rad u malim grupama i u plenumu. Kori\u0161tenje razli\u010ditih metoda pomoglo nam je da personaliziramo teme o kojima se raspravljalo, \u010dine\u0107i ih relevantnijima za na\u0161e konkretne \u017eivotne kontekste.<\/p>\n<p style=\"font-weight: 400;\">Kreativnost kori\u0161tena tijekom molitvenih trenutaka (npr. Taiz\u00e9 pjesme, \u201eO\u010de na\u0161\u201c na razli\u010ditim jezicima, pjevanje s gestama, itd.) u\u010dinila je na\u0161a molitvena okupljanja posebnima, a kori\u0161tenje razli\u010ditih jezika tijekom liturgije pomoglo nam je da iskusimo i cijenimo ljepotu jedinstva u raznolikosti.<\/p>\n<p style=\"font-weight: 400;\">Nastojanje da se koristi sinodalna metoda dijeljenja, sa\u010dinjena od tripartitne strukture (i. dijeljenje onoga \u0161to me ganulo ili dirnulo u mojoj molitvi; ii. dijeljenje onoga \u0161to me je ganulo ili dirnulo \u0161to su drugi podijelili;\u00a0 iii. spontano dijeljenje da vidim koje radnje ili naznake se pojavljuju), pomogli su stvoriti kontemplativno ozra\u010dje i u\u010dinili na\u0161e zajedni\u010dko putovanje u iskustvo dubinskog slu\u0161anja poticaja Duha Svetoga.<\/p>\n<ol start=\"4\">\n<li style=\"font-weight: 400;\"><strong> Crkvene veze<\/strong><\/li>\n<\/ol>\n<p style=\"font-weight: 400;\">Kao \u0161to svjedo\u010de crkveni dokumenti, posve\u0107eni \u017eivot postoji u Crkvi i za njezinu svetost. Ne postoji u vakuumu, ve\u0107 pronalazi svoje zna\u010denje unutar crkvenog konteksta.<\/p>\n<p style=\"font-weight: 400;\">Kao odraz toga, Skup\u0161tinu je svojom nazo\u010dno\u0161\u0107u uveli\u010dao pra\u0161ki nadbiskup Mons. Jan Graubner, koji je podsje\u0107aju\u0107i nas da su posve\u0107eni ljudi pozvani svjedo\u010diti Krista, dao divnu vijest da je Pra\u0161ka nadbiskupija svake godine oboga\u0107ena za 1000 novoobra\u0107enika, me\u0111u kojima su i uglednici grada. Posjeti \u010detvrtkom poslijepodne razli\u010ditim redovni\u010dkim zajednicama u Brnu (salezijanci, franjevci, kontemplativne sestre sv. Klare, Zajednica Bla\u017eenstava, restoran sestara karmeli\u0107anki u blizini katedrale u Brnu) nastavljaju raditi na vidljivosti bogate prisutnosti redovnika u kontekstu mjesne Crkve.<\/p>\n<p style=\"font-weight: 400;\">Tre\u0107i dan svojom nazo\u010dno\u0161\u0107u po\u010dastio nas je apostolski nuncij u \u010ce\u0161koj Republici, H.E. Mons. Thaddeus Okolo. Nuncij je predvodio Euharistiju, a tijekom svoje propovijedi, podsje\u0107aju\u0107i nas na bitne stvari o na\u0161em na\u010dinu \u017eivota kao redovnica (molitva, zajednica, proro\u0161tvo itd.), dao je entuzijasti\u010dnu primjedbu o autenti\u010dnosti redovnica u \u010ce\u0161koj Republici.<\/p>\n<p style=\"font-weight: 400;\">Zoom-susreti s tajnicom Dikasterija za ustanove posve\u0107enog \u017eivota i dru\u017ebe apostolskog \u017eivota, s. Simonom Brambillom, na kojem nas je dotajnica Sinode s. Nathalie Becquart XMCJ uvela u temu <em>\u201ekako postati Sinodalna Crkva u misiji s laicima\u201c<\/em>, kao i s Papinskim povjerenstvom za za\u0161titu maloljetnika, isti\u010du na\u0161e crkvene veze ne samo s mjesnom nego i sa Sveop\u0107om Crkvom. Tako\u0111er, nazo\u010dnost predsjednika UISG-a, s. Mary Barrona, potakla je u nama duboki osje\u0107aj za crkvene veze i zahvalnost europskom redovni\u0161tvu.<\/p>\n<ol start=\"5\">\n<li style=\"font-weight: 400;\"><strong> Na\u0161 identitet posve\u0107en Bogu<\/strong><\/li>\n<\/ol>\n<p style=\"font-weight: 400;\">\u010cini se da je jedan od prijedloga koji ova Generalna skup\u0161tina nudi kao korak naprijed prema posve\u0107enom \u017eivotu u budu\u0107nosti mo\u017eda povratak duhovnim korijenima takvog poziva. Takav se prijedlog \u010dini vi\u0161e nego relevantnim u dana\u0161nje vrijeme, kada je na\u0161e europsko sekularizirano ili agnosti\u010dko dru\u0161tvo polako, ali postojano pridonijelo pomra\u010denju na\u0161eg identiteta kao posve\u0107enih ljudi (tj. ljudi odvojenih) od Boga. Individualisti\u010dki i sekularizirani \u017eivotni stilovi postali su ra\u0161ireni u na\u0161im zajednicama.<\/p>\n<p style=\"font-weight: 400;\">Crpe\u0107i svoje osobno iskustvo Boga u svom \u017eivotu, nemali broj govornika istaknuo je da je na\u010delo i temelj redovni\u010dkog \u017eivota osobno iskustvo Boga. To je mo\u017eda ono \u0161to smo prvenstveno pozvani \u010diniti usred nesigurnosti na\u0161eg vremena. Kako je rekao vl\u010d. Franti\u0161ek Hylmar\u00a0 iako je <em>\u201eza u\u010denike to bilo vrijeme velike zbunjenosti, oni su ostali zajedno na mjestu gdje su posljednji put do\u017eivjeli ne\u0161to intenzivno s Gospodinom<\/em>\u201c.<\/p>\n<p style=\"font-weight: 400;\">Na sli\u010dan na\u010din u svojoj propovijedi prvoga dana, vl\u010d. Janis Melnikovs citira britanskog rabina Jonathana Sacksa koji je jednom rekao da je <em>\u201evjera hrabrost \u017eivljenja s neizvjesno\u0161\u0107u\u201c. <\/em>Vl\u010d. Luis Manuel nas je podsjetio na Gospodinove rije\u010di Mojsiju kada je rekao: <em>\u201eStavljam pred tebe \u017eivot i smrt (..) biraj \u017eivot\u201c <\/em>(Deut 30:19). Sli\u010dno tome, fra Philip Pinto, biv\u0161i generalni poglavar Kr\u0161\u0107anske bra\u0107e, potaknuo je da se ne trebamo brinuti o smanjenom broju vjernika, ve\u0107 o tome kako \u0107emo doprijeti do njih. \u0160a\u010dica vjernika koji su strastveni \u0161tovatelji Boga i ozbiljno vjeruju u na\u0161 \u017eivotni stil mo\u017ee ostaviti ogroman utjecaj.<\/p>\n<ol start=\"6\">\n<li style=\"font-weight: 400;\"><strong> Zajedni\u010dki \u017eivot ili zajedni\u0161tvo \u017eivota?<\/strong><\/li>\n<\/ol>\n<p style=\"font-weight: 400;\">Mo\u017eda je jo\u0161 jedan korak naprijed za posve\u0107eni \u017eivot u budu\u0107nosti kreativno pronala\u017eenje na\u010dina i sredstava za dijeljenje na\u0161e vjere i \u017eivotnih iskustava me\u0111u nama. Na jednoj od plenarnih sjednica izre\u010dena je jadikovka u obliku pitanja: za\u0161to vi\u0161e dijelimo s prijateljima i strancima, nego s \u010dlanovima na\u0161e zajednice? To je rizik zajedni\u010dkog \u017eivota (zajedni\u010dko jedenje, zajedni\u010dka molitva itd.), ali nema pravog zajedni\u0161tva \u017eivota, tj. nema intimnosti me\u0111u nama. \u017divimo jedni pored drugih, ali se jedva poznajemo.<\/p>\n<p style=\"font-weight: 400;\">U svjetlu svega \u0161to smo \u010duli o temi ranjivosti ovih dana, mo\u017eda se pravo zajedni\u0161tvo stvara izme\u0111u \u010dlanova zajednice kada dosegnu to\u010dku dijeljenja svoje ranjivosti i slabosti. Na toj razini smo isti. A ka\u017eu: \u201eAko pogleda\u0161 u sebe, prona\u0107i \u0107e\u0161 sve ostale!\u201c Ne\u010dija hrabrost da se pred drugima poka\u017ee slabim i ranjivim je ono \u0161to ga vi\u0161e ve\u017ee za njih. Prihvatiti i razotkriti ranjivost zna\u010di riskirati ljubav. Siroma\u0161tvo dijeljenja vlastite ranjivosti mo\u017eda je klju\u010d stvarnog zajedni\u0161tva \u017eivota.<\/p>\n<p style=\"font-weight: 400;\">Stavljaju\u0107i ovo na\u010delo na crkvenu razinu, mo\u017eda samo Crkva koja mo\u017ee prigrliti i priznati svoju ranjivost, mo\u017ee doista nau\u010diti voljeti siroma\u0161ne, ranjive, slabe i one na egzistencijalnoj periferiji. Vl\u010d. Philp Pinto nas je podsjetio da papa Franjo ne \u017eeli Crkvu zauzetu vlastitom va\u017eno\u0161\u0107u i samoreferencijalno\u0161\u0107u, jer takva Crkva nikada ne mo\u017ee prigrliti ranjivost i, stoga, nikada ne mo\u017ee nau\u010diti umije\u0107e rizika ljubavi. Skandali oko seksualnog zlostavljanja unutar Crkve mo\u017eda joj poma\u017eu da postane svjesnija svoje ranjivosti. Suo\u010davanje s istinom, ne izbjegavanje poni\u017eavaju\u0107e boli i sramote, prihva\u0107anje svoje ranjivosti, mo\u017ee pomo\u0107i Crkvi da nastavi ulagati u o\u010duvanje postupaka za sigurniju Crkvu.<\/p>\n<ol start=\"7\">\n<li style=\"font-weight: 400;\"><strong> Putovanje s laicima<\/strong><\/li>\n<\/ol>\n<p style=\"font-weight: 400;\">Sinodalnim putom kojim papa Franjo poziva Crkvu da krene mo\u017ee se opisati kao <em>\u201ekr\u0161\u0107ani koji hodaju u zajedni\u0161tvu s Kristom prema Kraljevstvu zajedno s cijelim \u010dovje\u010danstvom\u201c <\/em>(s. Nathalie Becquart). Sinodalnost ne zna\u010di ignoriranje hijerarhijske strukture Crkve nego je to poziv na osna\u017eivanje laika, to je potraga za susretom i vrednovanjem svih, to je ozbiljan poku\u0161aj da se svi anga\u017eiraju i omogu\u0107e svim kr\u0161tenicima da sudjeluju i osje\u0107aju se suodgovornima u \u017eivotu i poslanju Crkve. Sinodalnost je o zajedni\u010dkom razlu\u010divanju i slu\u0161anju glasa Svetoga Duha, uvjerena u vrijednu ulogu <em>sensus fideliuma <\/em>kao megafona kroz koji Duh progovara. Podupiru\u0107i ovu kulturu sinodalnosti je antropolo\u0161ka vizija ljudskog bi\u0107a po prirodi relacijskog.<\/p>\n<p style=\"font-weight: 400;\">U svjetlu toga, kao redovnici pozvani smo prihvatiti izazov zami\u0161ljanja laika ne vi\u0161e kao dodatka koji nam poma\u017ee u odr\u017eavanju na\u0161ih apostolata, ve\u0107 kao suradnika i protagonista u na\u0161em \u017eivotu i poslanju. Moramo nastaviti raditi na prijelazu s mentaliteta gledanja na laike kao da <em>\u201erade za nas\u201c <\/em>na mentalitet u kojem radimo zajedno s njima, da ne hodaju <em>za nama, <\/em>ve\u0107 da hodaju <em>s nama. <\/em>To bi pomoglo volonterima laicima i suradnicima da se ne osje\u0107aju kao da smo ih iskoristili nego da ih cijenimo zbog onoga \u0161to jesu u Crkvi, naime kr\u0161teni kr\u0161\u0107ani poput nas. Takav sinodalni mentalitet vodi ponovnom otkrivanju sredi\u0161njeg mjesta kr\u0161tenja u Crkvi.<\/p>\n<ol start=\"8\">\n<li style=\"font-weight: 400;\"><strong> Zaklju\u010dak: korak naprijed<\/strong><\/li>\n<\/ol>\n<p style=\"font-weight: 400;\">Ova tri prijedloga proiza\u0161la iz ove Glavne skup\u0161tine odnosno povratak temeljnom iskustvu Boga i tra\u017eenje stvarnog zajedni\u0161tva s na\u0161om bra\u0107om i sestrama i laicima u potrazi za poslanjem, podsje\u0107aju nas na dvije zapovijedi ljubavi koje nam je dao Isus Krist. Trudimo se da ih provedemo u praksi.<\/p>\n<p style=\"font-weight: 400; text-align: right;\">s. Christine Rod MC<\/p>\n<p style=\"font-weight: 400; text-align: right;\">s. Alfonsa Karapata MSSR<\/p>\n<p style=\"text-align: right;\"><span style=\"font-weight: 400;\">br. Ivan Scicluna OFMCap<\/span><\/p>\n<p>&nbsp;<\/p>\n<p style=\"font-weight: 400; text-align: right;\">Vranov (Republika \u010ce\u0161ka), 19. travnja 2024.<\/p>\n","protected":false},"excerpt":{"rendered":"<p>Uvod: mjesto i vrijeme odr\u017eavanja i tema Dvadeset prva generalna skup\u0161tina europskih redovni\u010dkih konferencija UCESM odr\u017eala se izme\u0111u 15. i 19. travnja 2024., u samostanu Male bra\u0107e u Vranovu (\u010ce\u0161ka Republika).<\/p>\n","protected":false},"author":2,"featured_media":21708,"comment_status":"open","ping_status":"open","sticky":false,"template":"","format":"standard","meta":{"_jetpack_memberships_contains_paid_content":false,"footnotes":"","jetpack_publicize_message":"","jetpack_publicize_feature_enabled":true,"jetpack_social_post_already_shared":true,"jetpack_social_options":{"image_generator_settings":{"template":"highway","default_image_id":0,"font":"","enabled":false},"version":2}},"categories":[1],"tags":[],"class_list":["post-21710","post","type-post","status-publish","format-standard","has-post-thumbnail","hentry","category-nekategorizirano"],"jetpack_publicize_connections":[],"jetpack_featured_media_url":"https:\/\/karmel.hr\/wp-content\/uploads\/2024\/06\/IMG-20240418-WA0010.jpg","jetpack_sharing_enabled":true,"jetpack-related-posts":[],"_links":{"self":[{"href":"https:\/\/karmel.hr\/index.php?rest_route=\/wp\/v2\/posts\/21710","targetHints":{"allow":["GET"]}}],"collection":[{"href":"https:\/\/karmel.hr\/index.php?rest_route=\/wp\/v2\/posts"}],"about":[{"href":"https:\/\/karmel.hr\/index.php?rest_route=\/wp\/v2\/types\/post"}],"author":[{"embeddable":true,"href":"https:\/\/karmel.hr\/index.php?rest_route=\/wp\/v2\/users\/2"}],"replies":[{"embeddable":true,"href":"https:\/\/karmel.hr\/index.php?rest_route=%2Fwp%2Fv2%2Fcomments&post=21710"}],"version-history":[{"count":3,"href":"https:\/\/karmel.hr\/index.php?rest_route=\/wp\/v2\/posts\/21710\/revisions"}],"predecessor-version":[{"id":21714,"href":"https:\/\/karmel.hr\/index.php?rest_route=\/wp\/v2\/posts\/21710\/revisions\/21714"}],"wp:featuredmedia":[{"embeddable":true,"href":"https:\/\/karmel.hr\/index.php?rest_route=\/wp\/v2\/media\/21708"}],"wp:attachment":[{"href":"https:\/\/karmel.hr\/index.php?rest_route=%2Fwp%2Fv2%2Fmedia&parent=21710"}],"wp:term":[{"taxonomy":"category","embeddable":true,"href":"https:\/\/karmel.hr\/index.php?rest_route=%2Fwp%2Fv2%2Fcategories&post=21710"},{"taxonomy":"post_tag","embeddable":true,"href":"https:\/\/karmel.hr\/index.php?rest_route=%2Fwp%2Fv2%2Ftags&post=21710"}],"curies":[{"name":"wp","href":"https:\/\/api.w.org\/{rel}","templated":true}]}}