{"id":21732,"date":"2024-06-11T20:58:04","date_gmt":"2024-06-11T18:58:04","guid":{"rendered":"https:\/\/karmel.hr\/?p=21732"},"modified":"2024-06-11T21:00:35","modified_gmt":"2024-06-11T19:00:35","slug":"otvaranje-i-proucavanje-groba-svete-terezije-od-isusa","status":"publish","type":"post","link":"https:\/\/karmel.hr\/?p=21732","title":{"rendered":"Otvaranje i prou\u010davanje groba svete Terezije od Isusa"},"content":{"rendered":"<p style=\"font-weight: 400;\">Jo\u0161 od kolovoza 2022. Karmelski red razmatra i planira otvaranje groba svete Terezije od Isusa u Albi de Tormes kako bi se izvr\u0161ilo ozbiljno istra\u017eivanje tijela i glavnih relikvija Majke nakon posljednjeg otvaranja 1914. godine.<!--more--> Generalna kurija odobrila je 2. lipnja prijedlog imaju\u0107i u vidu va\u017enost i potrebu provedbe ovog projekta. Nositelji projekta su lije\u010dnici i znanstvenici koji sura\u0111uju s Vatikanskim dikasterijem za kauze svetaca. Sa svoje strane Red ispituje svu dokumentaciju sa\u010duvanu u svojim arhivima, posebno onu samostana karmeli\u0107anki u Albi de Tormes, koja se odnosi na grob i relikvije na\u0161e svete Majke Terezije od Isusa.<\/p>\n<p style=\"font-weight: 400;\">To\u010dan datum otvaranja groba bit \u0107e utvr\u0111en nakon ljeta 2024. ovisno o dostupnosti znanstvenog tima i uklju\u010denih osoba. Planirani projekt izvi\u0111anja posmrtnih ostataka obuhva\u0107a nekoliko kanonskih etapa i omogu\u0107it \u0107e \u0161tovanje groba Terezije Avilske tijekom 2025. godine.<\/p>\n<p style=\"font-weight: 400;\"><span style=\"font-size: 10pt;\">Izvor:\u00a0<a href=\"https:\/\/www.carmelitaniscalzi.com\/2024\/06\/02\/spagna-apertura-e-studio-della-tomba-di-santa-teresa-di-gesu\/\">https:\/\/www.carmelitaniscalzi.com\/2024\/06\/02\/spagna-apertura-e-studio-della-tomba-di-santa-teresa-di-gesu\/<\/a><\/span><\/p>\n<div id='gallery-1' class='gallery galleryid-21732 gallery-columns-1 gallery-size-large'><figure class='gallery-item'>\n\t\t\t<div class='gallery-icon landscape'>\n\t\t\t\t<a href='https:\/\/karmel.hr\/wp-content\/uploads\/2024\/06\/grob-TA.jpg'><img loading=\"lazy\" decoding=\"async\" width=\"474\" height=\"316\" src=\"https:\/\/karmel.hr\/wp-content\/uploads\/2024\/06\/grob-TA-1024x683.jpg\" class=\"attachment-large size-large\" alt=\"\" srcset=\"https:\/\/karmel.hr\/wp-content\/uploads\/2024\/06\/grob-TA-1024x683.jpg 1024w, https:\/\/karmel.hr\/wp-content\/uploads\/2024\/06\/grob-TA-300x200.jpg 300w, https:\/\/karmel.hr\/wp-content\/uploads\/2024\/06\/grob-TA-768x512.jpg 768w, https:\/\/karmel.hr\/wp-content\/uploads\/2024\/06\/grob-TA-1536x1024.jpg 1536w, https:\/\/karmel.hr\/wp-content\/uploads\/2024\/06\/grob-TA.jpg 1920w\" sizes=\"auto, (max-width: 474px) 100vw, 474px\" \/><\/a>\n\t\t\t<\/div><\/figure>\n\t\t<\/div>\n\n<p style=\"font-weight: 400;\">\n","protected":false},"excerpt":{"rendered":"<p>Jo\u0161 od kolovoza 2022. Karmelski red razmatra i planira otvaranje groba svete Terezije od Isusa u Albi de Tormes kako bi se izvr\u0161ilo ozbiljno istra\u017eivanje tijela i glavnih relikvija Majke nakon posljednjeg otvaranja 1914. godine.<\/p>\n","protected":false},"author":2,"featured_media":21731,"comment_status":"open","ping_status":"open","sticky":false,"template":"","format":"standard","meta":{"_jetpack_memberships_contains_paid_content":false,"footnotes":"","jetpack_publicize_message":"","jetpack_publicize_feature_enabled":true,"jetpack_social_post_already_shared":true,"jetpack_social_options":{"image_generator_settings":{"template":"highway","default_image_id":0,"font":"","enabled":false},"version":2}},"categories":[1],"tags":[],"class_list":["post-21732","post","type-post","status-publish","format-standard","has-post-thumbnail","hentry","category-nekategorizirano"],"jetpack_publicize_connections":[],"jetpack_featured_media_url":"https:\/\/karmel.hr\/wp-content\/uploads\/2024\/06\/grob-TA.jpg","jetpack_sharing_enabled":true,"jetpack-related-posts":[],"_links":{"self":[{"href":"https:\/\/karmel.hr\/index.php?rest_route=\/wp\/v2\/posts\/21732","targetHints":{"allow":["GET"]}}],"collection":[{"href":"https:\/\/karmel.hr\/index.php?rest_route=\/wp\/v2\/posts"}],"about":[{"href":"https:\/\/karmel.hr\/index.php?rest_route=\/wp\/v2\/types\/post"}],"author":[{"embeddable":true,"href":"https:\/\/karmel.hr\/index.php?rest_route=\/wp\/v2\/users\/2"}],"replies":[{"embeddable":true,"href":"https:\/\/karmel.hr\/index.php?rest_route=%2Fwp%2Fv2%2Fcomments&post=21732"}],"version-history":[{"count":4,"href":"https:\/\/karmel.hr\/index.php?rest_route=\/wp\/v2\/posts\/21732\/revisions"}],"predecessor-version":[{"id":21737,"href":"https:\/\/karmel.hr\/index.php?rest_route=\/wp\/v2\/posts\/21732\/revisions\/21737"}],"wp:featuredmedia":[{"embeddable":true,"href":"https:\/\/karmel.hr\/index.php?rest_route=\/wp\/v2\/media\/21731"}],"wp:attachment":[{"href":"https:\/\/karmel.hr\/index.php?rest_route=%2Fwp%2Fv2%2Fmedia&parent=21732"}],"wp:term":[{"taxonomy":"category","embeddable":true,"href":"https:\/\/karmel.hr\/index.php?rest_route=%2Fwp%2Fv2%2Fcategories&post=21732"},{"taxonomy":"post_tag","embeddable":true,"href":"https:\/\/karmel.hr\/index.php?rest_route=%2Fwp%2Fv2%2Ftags&post=21732"}],"curies":[{"name":"wp","href":"https:\/\/api.w.org\/{rel}","templated":true}]}}