{"id":21768,"date":"2024-06-20T21:44:44","date_gmt":"2024-06-20T19:44:44","guid":{"rendered":"http:\/\/karmel.hr\/?p=21768"},"modified":"2024-06-25T22:53:20","modified_gmt":"2024-06-25T20:53:20","slug":"obavijesti-s-devete-sjednice-provincijalnog-savjeta","status":"publish","type":"post","link":"https:\/\/karmel.hr\/?p=21768","title":{"rendered":"Obavijesti s Devete sjednice Provincijalnog savjeta"},"content":{"rendered":"<p style=\"font-weight: 400;\">Deveta sjednica Provincijalnog savjeta Hrvatske karmelske provincije sv. Oca Josipa odr\u017eana\u00a0 je u Remetama 7. lipnja 2024.<!--more--><\/p>\n<p>1. Zavr\u0161ila je\u00a0<em>Provincijalova vizitacija zajednicama<\/em>. U proteklom periodu bilo je dosta promjena koje su se pokazale dobre i za pojedine redovnike i za pripadaju\u0107e zajednice. Puno se pastoralno radi na dobrobit Crkve, a zajednice pritom nastoje sa\u010duvati redoviti molitveni \u017eivot. Zajedni\u010dki \u017eivot je jako dobar, bez nekih posebno te\u0161kih situacija. Mo\u017eemo biti jako zadovoljni trenutnim stanjem u provinciji.<\/p>\n<p style=\"font-weight: 400;\">Na me\u0111unarodnoj razini Reda cijene na\u0161 rad, na\u0161 molitveni i apostolski anga\u017eman, osobito rad na promociji zvanja. To se primijetilo i na\u00a0<em>Konferenciji europskih provincijala OCD<\/em>\u00a0u Czerni (Poljska) od 27. do 31. 5.2024. Tema susreta glasila je \u201ePastoral mladih i animacija zvanja\u201c. Provincijal je svoje izvje\u0161\u0107e na tom susretu iznio u PowerPoint prezentaciji koja je bila tra\u017eena i nakon susreta.<\/p>\n<p style=\"font-weight: 400;\">Ovogodi\u0161nji\u00a0<em>susret vi\u0161ih redovni\u010dkih poglavara i biskupa HBK<\/em>\u00a0odr\u017ean je 5. lipnja u prostorijama HBK na Ksaveru, na temu \u201eOvisnosti i psihi\u010dka oboljenja u redovni\u0161tvu. Suo\u010davanje s problematikom i tra\u017eenje rje\u0161enja\u201c. Pokrenuta je inicijativa za koju su zadu\u017eeni mons. Zdenko Kri\u017ei\u0107 i mons. Milan Zgrabli\u0107 za uspostavu centra i tima stru\u010dnjaka koji bi bio na pomo\u0107 redovnicima, redovnicama i sve\u0107enicima u su\u010deljavanju s problemima ovisnosti.<\/p>\n<p>2. Odobren je tekst\u00a0<em>molitve za zvanja prije tjednog klanjanja\u00a0<\/em>koje se uvodi na tu nakanu<em>\u00a0<\/em>u formativnim zajednicama i drugima koje to budu htjele:<\/p>\n<p style=\"font-weight: 400;\"><strong>Bo\u017ee, dobri O\u010de,\u00a0<\/strong><\/p>\n<p style=\"font-weight: 400;\"><strong>ti poziva\u0161 one koje ho\u0107e\u0161 da izbli\u017eega slijede tvoga Sina<br \/>\nGospodina na\u0161ega Isusa Krista:\u00a0<\/strong><\/p>\n<p style=\"font-weight: 400;\"><strong>osna\u017ei prisutnost svoga Duha Svetoga u na\u0161im srcima<\/strong><\/p>\n<p style=\"font-weight: 400;\"><strong>da ti sve vi\u0161e budemo zahvalni za dar vlastitog poziva<\/strong><\/p>\n<p style=\"font-weight: 400;\"><strong>te u ovim vremenima spremno prihva\u0107amo\u00a0<\/strong><\/p>\n<p style=\"font-weight: 400;\"><strong>sve pozvanike koje nam tvoja Providnost \u0161alje,<\/strong><\/p>\n<p style=\"font-weight: 400;\"><strong>da i oni koji \u017eele upoznati tvoje staze u \u017eivotu<\/strong><\/p>\n<p style=\"font-weight: 400;\"><strong>u nama mogu na\u0107i tvoju podr\u0161ku i pomo\u0107.<\/strong><\/p>\n<p style=\"font-weight: 400;\"><strong>Koji \u017eivi\u0161 i vlada\u0161 i poziva\u0161 nas u vijeke vjekova. Amen.<\/strong><\/p>\n<p>3.<em> Konvencija o odnosima izme\u0111u priora i \u017eupnika\u00a0<\/em><em>u Remetama\u00a0<\/em>zbog naknadno nastalih okolnosti vi\u0161e ne odgovara potrebama sada\u0161njeg trenutka. Stoga \u0107e sada\u0161nji prior i sada\u0161nji \u017eupnik usuglasiti novi tekst i poslati ga na Provincijalni savjet na odobrenje.<\/p>\n<p>4. Provincijalni promicatelj zvanja dostavio je upit u svezi mogu\u0107nosti\u00a0<em>ponovne aktivacije Malog sjemeni\u0161ta <\/em>jer postoji jedan aspirant. Savjet je stava da se provjeri prikladnost aspiranta pa ako bude prikladan da se za njega aktivira Provincijalno dje\u010da\u010dko sjemeni\u0161te (Usp.\u00a0<em>Statut 2023.<\/em>, br. 35g).<\/p>\n<p>5. Radi lak\u0161eg nala\u017eenja i uporabe formativnih sadr\u017eaja u po\u010detnoj formaciji odobrena je\u00a0<em>inicijativa za<\/em>\u00a0\u00a0<em>formiranje zajedni\u010dke digitalne platforme za gra\u0111u po\u010detne formacije<\/em> na koju bi pristup imali samo odgajatelji mu\u0161ke, \u017eenske i svjetovne grane OCD kako bi mogli slobodno postavljati i preuzimati sadr\u017eaje koji su se pokazali korisnim ili su tra\u017eeni za po\u010detnu formaciju na\u0161ih aspiranata, kandidata, novaka i \u010dlanova s privremenim zavjetima \/ obe\u0107anjem (OCDS).\u00a0 Provincijalni tajnik \u0107e koordinirati inicijativu.<\/p>\n<p>6. Razmatrano je vi\u0161e teku\u0107ih pitanja u svezi situacija pojedinih redovnika i zajednica u vidu boljeg izla\u017eenja u susret uo\u010denim potrebama.<\/p>\n<p>7.<em> Razno<\/em><\/p>\n<p>7.1. Prezbitersko re\u0111enje br. Jurja Marinkovi\u0107a bit \u0107e u subotu 22. lipnja 2024. u crkvi sv. Ivana XXIII. u Zagrebu (Dubrava) s po\u010detkom u 10 sati, a sljede\u0107eg dana, u nedjelju 23. lipnja, bit \u0107e slavlje Mlade mise u \u017eupi Nova Ra\u010da, kraj Bjelovara.<\/p>\n<p>7.2. Podsje\u0107amo na termine zajedni\u010dkih duhovnih vje\u017ebi koje ove godine vodi o. Petar Janji\u0107 na Bu\u0161kom jezeru od 27. do 31. kolovoza i u Krku od 30. rujna do 4. listopada.<\/p>\n<p>7.3. Preporu\u010damo u molitve uspjeh susreta europskih karmeli\u0107ana u po\u010detnoj formaciji u Lisieuxu od 19. do 24. kolovoza.<\/p>\n<p>7.4. Za sudjelovanje u izradi i predstavljanju zbornika o Maloj Tereziji do sada su se prijavila desetorica znanstvenika iz Hrvatske, Austrije i Italije, a \u010deka se odgovor jo\u0161 dvojice iz Italije i Francuske.<\/p>\n<p>Sljede\u0107a sjednica Provincijalnog savjeta zakazana je za 11. listopada 2024. u 10 sati u Grazu.<\/p>\n","protected":false},"excerpt":{"rendered":"<p>Deveta sjednica Provincijalnog savjeta Hrvatske karmelske provincije sv. Oca Josipa odr\u017eana\u00a0 je u Remetama 7. lipnja 2024.<\/p>\n","protected":false},"author":2,"featured_media":21126,"comment_status":"open","ping_status":"open","sticky":false,"template":"","format":"standard","meta":{"_jetpack_memberships_contains_paid_content":false,"footnotes":"","jetpack_publicize_message":"","jetpack_publicize_feature_enabled":true,"jetpack_social_post_already_shared":true,"jetpack_social_options":{"image_generator_settings":{"template":"highway","default_image_id":0,"font":"","enabled":false},"version":2}},"categories":[1],"tags":[],"class_list":["post-21768","post","type-post","status-publish","format-standard","has-post-thumbnail","hentry","category-nekategorizirano"],"jetpack_publicize_connections":[],"jetpack_featured_media_url":"https:\/\/karmel.hr\/wp-content\/uploads\/2023\/11\/Remete.jpeg","jetpack_sharing_enabled":true,"jetpack-related-posts":[],"_links":{"self":[{"href":"https:\/\/karmel.hr\/index.php?rest_route=\/wp\/v2\/posts\/21768","targetHints":{"allow":["GET"]}}],"collection":[{"href":"https:\/\/karmel.hr\/index.php?rest_route=\/wp\/v2\/posts"}],"about":[{"href":"https:\/\/karmel.hr\/index.php?rest_route=\/wp\/v2\/types\/post"}],"author":[{"embeddable":true,"href":"https:\/\/karmel.hr\/index.php?rest_route=\/wp\/v2\/users\/2"}],"replies":[{"embeddable":true,"href":"https:\/\/karmel.hr\/index.php?rest_route=%2Fwp%2Fv2%2Fcomments&post=21768"}],"version-history":[{"count":3,"href":"https:\/\/karmel.hr\/index.php?rest_route=\/wp\/v2\/posts\/21768\/revisions"}],"predecessor-version":[{"id":21790,"href":"https:\/\/karmel.hr\/index.php?rest_route=\/wp\/v2\/posts\/21768\/revisions\/21790"}],"wp:featuredmedia":[{"embeddable":true,"href":"https:\/\/karmel.hr\/index.php?rest_route=\/wp\/v2\/media\/21126"}],"wp:attachment":[{"href":"https:\/\/karmel.hr\/index.php?rest_route=%2Fwp%2Fv2%2Fmedia&parent=21768"}],"wp:term":[{"taxonomy":"category","embeddable":true,"href":"https:\/\/karmel.hr\/index.php?rest_route=%2Fwp%2Fv2%2Fcategories&post=21768"},{"taxonomy":"post_tag","embeddable":true,"href":"https:\/\/karmel.hr\/index.php?rest_route=%2Fwp%2Fv2%2Ftags&post=21768"}],"curies":[{"name":"wp","href":"https:\/\/api.w.org\/{rel}","templated":true}]}}