{"id":21770,"date":"2024-06-21T23:39:24","date_gmt":"2024-06-21T21:39:24","guid":{"rendered":"http:\/\/karmel.hr\/?p=21770"},"modified":"2024-06-21T23:39:24","modified_gmt":"2024-06-21T21:39:24","slug":"karmelski-postulanti-u-posjetu-kucuri-i-ruskom-krsturu","status":"publish","type":"post","link":"https:\/\/karmel.hr\/?p=21770","title":{"rendered":"Karmelski postulanti u posjetu Kucuri i Ruskom Krsturu"},"content":{"rendered":"<p style=\"font-weight: 400;\">Postojanje dvaju kalendara u kr\u0161\u0107anstvu omogu\u0107ilo nam je zanimljiv \u010detvrtak 13. lipnja.<!--more--> Po gregorijanskom kalendaru se toga dana slavi spomendan sv. Antuna Padovanskog, a po julijanskom kalendaru se ove godine slavi svetkovina Uza\u0161a\u0161\u0107a Gospodnjeg. Stoga smo prijepodne u na\u0161oj Crkvi sv. Stjepana kralja u Somboru proslavili Sv. Antuna, a poslijepodne smo sudjelovali na svetoj liturgiji Uza\u0161a\u0161\u0107a Gospodnjeg u Grkokatoli\u010dkoj crkvi Uznesenja Presvete Bogorodice u Kucuri.<\/p>\n<p style=\"font-weight: 400;\">Grkokatolici su katolici bizantskog obreda ili, kako obi\u010dno ka\u017eemo, isto\u010dnoslavenskoga obreda. U punom su zajedni\u0161tvu s katolicima latinskoga obreda i priznaju papu kao svog vrhovnog poglavara. Glavna razlika u odnosu na rimokatolike je slavljenje svete liturgije po bizantskom ili slavenskom obredu. Na podru\u010dju Vojvodine grkokatolici imaju svoje crkve u nekoliko mjesta, a ve\u0107ina vjernika su po narodnosti Rusini. Rusini potje\u010du s podru\u010dja zapadne Ukrajine i Slova\u010dke, te ih ima oko 1,5 milijuna u svijetu. Na podru\u010dje Vojvodine doselili su u vrijeme Austro-ugarske monarhije, kada je dio njih preselio u razli\u010dite dijelove monarhije. Tijekom povijesti uspjeli su sa\u010duvati svoj identitet, djelomi\u010dno zahvaljuju\u0107i katoli\u010dkoj vjeri i bizantskom obredu.<\/p>\n<p style=\"font-weight: 400;\">Na\u0161e prvo odredi\u0161te na putovanju bio je samostan sv. Jozafata u Kucuri gdje djeluju sestre Slu\u017ebenice Bezgre\u0161ne Djevice Marije. Do\u010dekala nas je sestra Jevsevija i provela kroz samostan sestara. Posebno smo se zadr\u017eali u kapelici gdje smo se pomolili i otpjevali nekoliko marijanskih pjesama. Nakon toga smo se uputili u obli\u017enji Ruski Krstur gdje se nalazi provincijalna ku\u0107a sestara. \u00a0Razgovarali smo i dru\u017eili se sa sestrama, obi\u0161li samostan i katedralnu crkvu sv. Nikole te se potom vratili u Kucuru na svetu liturgiju. Liturgiju bizantskog obreda sv. Ivana Zlatoustog predslavio je \u017eupnik otac Vladislav Rac, a magistar postulanata o. Sre\u0107ko je koncelebrirao i propovijedao. Dan ispunjen oboga\u0107uju\u0107im iskustvima zavr\u0161ili smo zajedni\u010dkom ve\u010derom kod sestara u Kucuri gdje smo oca Vladimira i sestre u opu\u0161tenoj atmosferi ispitivali o grkokatolicima i Rusinima. Zahvalili smo na srda\u010dnoj dobrodo\u0161lici, a svoje pozitivne dojmove zabilje\u017eili smo u knjigu posjeta koju sestre bri\u017eno vode.<\/p>\n<div id='gallery-1' class='gallery galleryid-21770 gallery-columns-3 gallery-size-thumbnail'><figure class='gallery-item'>\n\t\t\t<div class='gallery-icon landscape'>\n\t\t\t\t<a href='https:\/\/karmel.hr\/wp-content\/uploads\/2024\/06\/1718906850504.jpg'><img loading=\"lazy\" decoding=\"async\" width=\"150\" height=\"150\" src=\"https:\/\/karmel.hr\/wp-content\/uploads\/2024\/06\/1718906850504-150x150.jpg\" class=\"attachment-thumbnail size-thumbnail\" alt=\"\" \/><\/a>\n\t\t\t<\/div><\/figure><figure class='gallery-item'>\n\t\t\t<div class='gallery-icon landscape'>\n\t\t\t\t<a href='https:\/\/karmel.hr\/wp-content\/uploads\/2024\/06\/1718906850532.jpg'><img loading=\"lazy\" decoding=\"async\" width=\"150\" height=\"150\" src=\"https:\/\/karmel.hr\/wp-content\/uploads\/2024\/06\/1718906850532-150x150.jpg\" class=\"attachment-thumbnail size-thumbnail\" alt=\"\" \/><\/a>\n\t\t\t<\/div><\/figure><figure class='gallery-item'>\n\t\t\t<div class='gallery-icon landscape'>\n\t\t\t\t<a href='https:\/\/karmel.hr\/wp-content\/uploads\/2024\/06\/1718906850548.jpg'><img loading=\"lazy\" decoding=\"async\" width=\"150\" height=\"150\" src=\"https:\/\/karmel.hr\/wp-content\/uploads\/2024\/06\/1718906850548-150x150.jpg\" class=\"attachment-thumbnail size-thumbnail\" alt=\"\" \/><\/a>\n\t\t\t<\/div><\/figure>\n\t\t<\/div>\n\n","protected":false},"excerpt":{"rendered":"<p>Postojanje dvaju kalendara u kr\u0161\u0107anstvu omogu\u0107ilo nam je zanimljiv \u010detvrtak 13. lipnja.<\/p>\n","protected":false},"author":2,"featured_media":21773,"comment_status":"open","ping_status":"open","sticky":false,"template":"","format":"standard","meta":{"_jetpack_memberships_contains_paid_content":false,"footnotes":"","jetpack_publicize_message":"","jetpack_publicize_feature_enabled":true,"jetpack_social_post_already_shared":true,"jetpack_social_options":{"image_generator_settings":{"template":"highway","default_image_id":0,"font":"","enabled":false},"version":2}},"categories":[1],"tags":[],"class_list":["post-21770","post","type-post","status-publish","format-standard","has-post-thumbnail","hentry","category-nekategorizirano"],"jetpack_publicize_connections":[],"jetpack_featured_media_url":"https:\/\/karmel.hr\/wp-content\/uploads\/2024\/06\/1718906850548.jpg","jetpack_sharing_enabled":true,"jetpack-related-posts":[],"_links":{"self":[{"href":"https:\/\/karmel.hr\/index.php?rest_route=\/wp\/v2\/posts\/21770","targetHints":{"allow":["GET"]}}],"collection":[{"href":"https:\/\/karmel.hr\/index.php?rest_route=\/wp\/v2\/posts"}],"about":[{"href":"https:\/\/karmel.hr\/index.php?rest_route=\/wp\/v2\/types\/post"}],"author":[{"embeddable":true,"href":"https:\/\/karmel.hr\/index.php?rest_route=\/wp\/v2\/users\/2"}],"replies":[{"embeddable":true,"href":"https:\/\/karmel.hr\/index.php?rest_route=%2Fwp%2Fv2%2Fcomments&post=21770"}],"version-history":[{"count":1,"href":"https:\/\/karmel.hr\/index.php?rest_route=\/wp\/v2\/posts\/21770\/revisions"}],"predecessor-version":[{"id":21774,"href":"https:\/\/karmel.hr\/index.php?rest_route=\/wp\/v2\/posts\/21770\/revisions\/21774"}],"wp:featuredmedia":[{"embeddable":true,"href":"https:\/\/karmel.hr\/index.php?rest_route=\/wp\/v2\/media\/21773"}],"wp:attachment":[{"href":"https:\/\/karmel.hr\/index.php?rest_route=%2Fwp%2Fv2%2Fmedia&parent=21770"}],"wp:term":[{"taxonomy":"category","embeddable":true,"href":"https:\/\/karmel.hr\/index.php?rest_route=%2Fwp%2Fv2%2Fcategories&post=21770"},{"taxonomy":"post_tag","embeddable":true,"href":"https:\/\/karmel.hr\/index.php?rest_route=%2Fwp%2Fv2%2Ftags&post=21770"}],"curies":[{"name":"wp","href":"https:\/\/api.w.org\/{rel}","templated":true}]}}