{"id":21777,"date":"2024-06-25T22:49:03","date_gmt":"2024-06-25T20:49:03","guid":{"rendered":"http:\/\/karmel.hr\/?p=21777"},"modified":"2024-07-29T00:04:11","modified_gmt":"2024-07-28T22:04:11","slug":"svecenicko-redenje-i-mlada-misa-o-jurja-marinkovica","status":"publish","type":"post","link":"https:\/\/karmel.hr\/?p=21777","title":{"rendered":"Sve\u0107eni\u010dko re\u0111enje i Mlada misa o. Jurja Marinkovi\u0107a"},"content":{"rendered":"<p style=\"font-weight: 400;\">Br. Juraj od Terezije od Djeteta Isusa (Marinkovi\u0107) zare\u0111en je za sve\u0107enika u subotu 22. lipnja 2024. u crkvi Sv. Ivana XXIII. u zagreba\u010dkoj Dubravi\u00a0po rukama nadbiskupa\u00a0zagreba\u010dkog mons. Dra\u017eena Kutle\u0161e uz jo\u0161 14 re\u0111enika.<!--more--><\/p>\n<p style=\"font-weight: 400;\">Izvje\u0161\u0107e sa samog re\u0111enja zajedno s fotografijama mo\u017ee se na\u0107i na poveznici slu\u017ebene stranice zagreba\u010dke\u00a0nadbiskupije:\u00a0<a href=\"https:\/\/www.zg-nadbiskupija.hr\/nadbiskup-drazen-kutlesa-zaredio-petnaestoricu-novih-svecenika\/23630\">https:\/\/www.zg-nadbiskupija.hr\/nadbiskup-drazen-kutlesa-zaredio-petnaestoricu-novih-svecenika\/23630<\/a><\/p>\n<p style=\"font-weight: 400;\">Mladu misu o. Juraj je slavio sljede\u0107eg dana, 23. lipnja 2024., u rodnoj \u017dupi Uznesenja Bla\u017eene Djevice\u00a0Marije u Novoj Ra\u010di kod Bjelovara. Propovijedao je o. Stanko Pa\u017ein, koji je istaknuo:<\/p>\n<p style=\"font-weight: 400;\">\u201eDragi o. Juraj! Od ju\u010der upravo po tvojim posve\u0107enim rukama Krist \u0107e silaziti s neba i stvarno postajati prisutan me\u0111u nama u maloj bijeloj hostiji. Taj sitni komadi\u0107 kruha utjelovljuje savr\u0161enu ti\u0161inu i poniznost Bo\u017eju, njegovu nje\u017enost i njegovu ljubav prema nama. Sv. Terezija od Djeteta\u00a0Isusa \u2013 koja je posebno zna\u010dajna za mladomisnikov\u00a0\u017eivot \u2013 svojom vlastitom rukom u posljednjem\u00a0pismu jednom sve\u0107eniku nacrtala je sliku\u00a0kako sve\u0107enik dr\u017ei u rukama hostiju, a u hostiji je prikaz Malog Isusa. I pi\u0161e: &#8216;Ne mogu se bojati Boga koji se za mene u\u010dinio tako malenim. Volim ga. Zapravo on za mene nije ni\u0161ta drugo nego ljubav i milosr\u0111e.&#8217; Zato, dragi o. Juraj od sv. Terezije od Djeteta Isusa, nemoj nikada zaboraviti istinu da te Bog od ljudi uzeo i za ljude postavio da bude\u0161 njegov posrednik i da ga na oltarima\u00a0njegovih crkava svakodnevno utjelovljuje\u0161\u00a0pod prilikama kruha i vina.\u201c<\/p>\n<p style=\"font-weight: 400;\">U zahvalnoj rije\u010di na koncu misnog slavlja mladomisnik je istaknuo\u00a0va\u017enost molitve za sve\u0107eni\u010dki poziv: \u201eMlada misa je velika zahvala Bogu jer bez Bo\u017ejeg poziva \u010dovjek ne bi ni imao u \u017eivotu na \u0161to odgovoriti. Ona je potom i zahvala ljudima, jer \u010dovjek ne bi mogao do\u0107i do sve\u0107eni\u0161tva, a kamoli ostati sve\u0107enik bez molitve ljudi. To je najva\u017enije.\u201c<\/p>\n<p style=\"font-weight: 400;\">O mladoj misi ukratko sa slikama:\u00a0<a href=\"https:\/\/www.klikni.hr\/aktualno\/2024\/06\/23\/foto-svecana-nedjelja-u-novoj-raci-juraj-marinkovic-odrzao-mladu-misu\/\">https:\/\/www.klikni.hr\/aktualno\/2024\/06\/23\/foto-svecana-nedjelja-u-novoj-raci-juraj-marinkovic-odrzao-mladu-misu\/<\/a><\/p>\n<p style=\"font-weight: 400;\">Cijeli video prijenos slavlja mo\u017ee se pogledati na ovoj poveznici:\u00a0<a href=\"https:\/\/youtu.be\/bfY-ITkzAAo\">https:\/\/youtu.be\/bfY-ITkzAAo<\/a>.<\/p>\n<div id='gallery-1' class='gallery galleryid-21777 gallery-columns-5 gallery-size-thumbnail'><figure class='gallery-item'>\n\t\t\t<div class='gallery-icon landscape'>\n\t\t\t\t<a href='https:\/\/karmel.hr\/wp-content\/uploads\/2024\/06\/Mlada-misa-prezbiterij.jpeg'><img loading=\"lazy\" decoding=\"async\" width=\"150\" height=\"150\" src=\"https:\/\/karmel.hr\/wp-content\/uploads\/2024\/06\/Mlada-misa-prezbiterij-150x150.jpeg\" class=\"attachment-thumbnail size-thumbnail\" alt=\"\" \/><\/a>\n\t\t\t<\/div><\/figure><figure class='gallery-item'>\n\t\t\t<div class='gallery-icon landscape'>\n\t\t\t\t<a href='https:\/\/karmel.hr\/wp-content\/uploads\/2024\/06\/Mlada-misa-dio-okupljenog-mnostva-2.jpg'><img loading=\"lazy\" decoding=\"async\" width=\"150\" height=\"150\" src=\"https:\/\/karmel.hr\/wp-content\/uploads\/2024\/06\/Mlada-misa-dio-okupljenog-mnostva-2-150x150.jpg\" class=\"attachment-thumbnail size-thumbnail\" alt=\"\" \/><\/a>\n\t\t\t<\/div><\/figure><figure class='gallery-item'>\n\t\t\t<div class='gallery-icon portrait'>\n\t\t\t\t<a href='https:\/\/karmel.hr\/wp-content\/uploads\/2024\/06\/Mladomisnikovi-roditelji.jpeg'><img loading=\"lazy\" decoding=\"async\" width=\"150\" height=\"150\" src=\"https:\/\/karmel.hr\/wp-content\/uploads\/2024\/06\/Mladomisnikovi-roditelji-150x150.jpeg\" class=\"attachment-thumbnail size-thumbnail\" alt=\"\" \/><\/a>\n\t\t\t<\/div><\/figure><figure class='gallery-item'>\n\t\t\t<div class='gallery-icon landscape'>\n\t\t\t\t<a href='https:\/\/karmel.hr\/wp-content\/uploads\/2024\/06\/MLadomisnik-s-propovjednikom.jpeg'><img loading=\"lazy\" decoding=\"async\" width=\"150\" height=\"150\" src=\"https:\/\/karmel.hr\/wp-content\/uploads\/2024\/06\/MLadomisnik-s-propovjednikom-150x150.jpeg\" class=\"attachment-thumbnail size-thumbnail\" alt=\"\" \/><\/a>\n\t\t\t<\/div><\/figure><figure class='gallery-item'>\n\t\t\t<div class='gallery-icon landscape'>\n\t\t\t\t<a href='https:\/\/karmel.hr\/wp-content\/uploads\/2024\/06\/Mlada-misa-novi-zupnik-pozdravlja-stari-zupnik-u-pozadini.jpeg'><img loading=\"lazy\" decoding=\"async\" width=\"150\" height=\"150\" src=\"https:\/\/karmel.hr\/wp-content\/uploads\/2024\/06\/Mlada-misa-novi-zupnik-pozdravlja-stari-zupnik-u-pozadini-150x150.jpeg\" class=\"attachment-thumbnail size-thumbnail\" alt=\"\" \/><\/a>\n\t\t\t<\/div><\/figure><figure class='gallery-item'>\n\t\t\t<div class='gallery-icon portrait'>\n\t\t\t\t<a href='https:\/\/karmel.hr\/wp-content\/uploads\/2024\/06\/Propovjednik.jpeg'><img loading=\"lazy\" decoding=\"async\" width=\"150\" height=\"150\" src=\"https:\/\/karmel.hr\/wp-content\/uploads\/2024\/06\/Propovjednik-150x150.jpeg\" class=\"attachment-thumbnail size-thumbnail\" alt=\"\" \/><\/a>\n\t\t\t<\/div><\/figure><figure class='gallery-item'>\n\t\t\t<div class='gallery-icon portrait'>\n\t\t\t\t<a href='https:\/\/karmel.hr\/wp-content\/uploads\/2024\/06\/O-Juraj-od-Terezije-od-Djeteta-Isusa-zahvaljuje-na-kraju-Mise.jpeg'><img loading=\"lazy\" decoding=\"async\" width=\"150\" height=\"150\" src=\"https:\/\/karmel.hr\/wp-content\/uploads\/2024\/06\/O-Juraj-od-Terezije-od-Djeteta-Isusa-zahvaljuje-na-kraju-Mise-150x150.jpeg\" class=\"attachment-thumbnail size-thumbnail\" alt=\"\" \/><\/a>\n\t\t\t<\/div><\/figure><figure class='gallery-item'>\n\t\t\t<div class='gallery-icon landscape'>\n\t\t\t\t<a href='https:\/\/karmel.hr\/wp-content\/uploads\/2024\/06\/Mladomisnik-blagoslivlje.jpeg'><img loading=\"lazy\" decoding=\"async\" width=\"150\" height=\"150\" src=\"https:\/\/karmel.hr\/wp-content\/uploads\/2024\/06\/Mladomisnik-blagoslivlje-150x150.jpeg\" class=\"attachment-thumbnail size-thumbnail\" alt=\"\" \/><\/a>\n\t\t\t<\/div><\/figure><figure class='gallery-item'>\n\t\t\t<div class='gallery-icon landscape'>\n\t\t\t\t<a href='https:\/\/karmel.hr\/wp-content\/uploads\/2024\/06\/O-Juraj-od-Terezije-od-Djeteta-Isusa.jpeg'><img loading=\"lazy\" decoding=\"async\" width=\"150\" height=\"150\" src=\"https:\/\/karmel.hr\/wp-content\/uploads\/2024\/06\/O-Juraj-od-Terezije-od-Djeteta-Isusa-150x150.jpeg\" class=\"attachment-thumbnail size-thumbnail\" alt=\"\" \/><\/a>\n\t\t\t<\/div><\/figure><figure class='gallery-item'>\n\t\t\t<div class='gallery-icon portrait'>\n\t\t\t\t<a href='https:\/\/karmel.hr\/wp-content\/uploads\/2024\/06\/O-Juraj-od-Terezije-od-Djeteta-Isusa-iz-zupe-Uznesenja-BDM.jpeg'><img loading=\"lazy\" decoding=\"async\" width=\"150\" height=\"150\" src=\"https:\/\/karmel.hr\/wp-content\/uploads\/2024\/06\/O-Juraj-od-Terezije-od-Djeteta-Isusa-iz-zupe-Uznesenja-BDM-150x150.jpeg\" class=\"attachment-thumbnail size-thumbnail\" alt=\"\" \/><\/a>\n\t\t\t<\/div><\/figure>\n\t\t<\/div>\n\n","protected":false},"excerpt":{"rendered":"<p>Br. Juraj od Terezije od Djeteta Isusa (Marinkovi\u0107) zare\u0111en je za sve\u0107enika u subotu 22. lipnja 2024. u crkvi Sv. Ivana XXIII. u zagreba\u010dkoj Dubravi\u00a0po rukama nadbiskupa\u00a0zagreba\u010dkog mons. Dra\u017eena Kutle\u0161e uz jo\u0161 14 re\u0111enika.<\/p>\n","protected":false},"author":2,"featured_media":21781,"comment_status":"open","ping_status":"open","sticky":false,"template":"","format":"standard","meta":{"_jetpack_memberships_contains_paid_content":false,"footnotes":"","jetpack_publicize_message":"","jetpack_publicize_feature_enabled":true,"jetpack_social_post_already_shared":true,"jetpack_social_options":{"image_generator_settings":{"template":"highway","default_image_id":0,"font":"","enabled":false},"version":2}},"categories":[1],"tags":[],"class_list":["post-21777","post","type-post","status-publish","format-standard","has-post-thumbnail","hentry","category-nekategorizirano"],"jetpack_publicize_connections":[],"jetpack_featured_media_url":"https:\/\/karmel.hr\/wp-content\/uploads\/2024\/06\/Mladomisnik-blagoslivlje.jpeg","jetpack_sharing_enabled":true,"jetpack-related-posts":[],"_links":{"self":[{"href":"https:\/\/karmel.hr\/index.php?rest_route=\/wp\/v2\/posts\/21777","targetHints":{"allow":["GET"]}}],"collection":[{"href":"https:\/\/karmel.hr\/index.php?rest_route=\/wp\/v2\/posts"}],"about":[{"href":"https:\/\/karmel.hr\/index.php?rest_route=\/wp\/v2\/types\/post"}],"author":[{"embeddable":true,"href":"https:\/\/karmel.hr\/index.php?rest_route=\/wp\/v2\/users\/2"}],"replies":[{"embeddable":true,"href":"https:\/\/karmel.hr\/index.php?rest_route=%2Fwp%2Fv2%2Fcomments&post=21777"}],"version-history":[{"count":1,"href":"https:\/\/karmel.hr\/index.php?rest_route=\/wp\/v2\/posts\/21777\/revisions"}],"predecessor-version":[{"id":21788,"href":"https:\/\/karmel.hr\/index.php?rest_route=\/wp\/v2\/posts\/21777\/revisions\/21788"}],"wp:featuredmedia":[{"embeddable":true,"href":"https:\/\/karmel.hr\/index.php?rest_route=\/wp\/v2\/media\/21781"}],"wp:attachment":[{"href":"https:\/\/karmel.hr\/index.php?rest_route=%2Fwp%2Fv2%2Fmedia&parent=21777"}],"wp:term":[{"taxonomy":"category","embeddable":true,"href":"https:\/\/karmel.hr\/index.php?rest_route=%2Fwp%2Fv2%2Fcategories&post=21777"},{"taxonomy":"post_tag","embeddable":true,"href":"https:\/\/karmel.hr\/index.php?rest_route=%2Fwp%2Fv2%2Ftags&post=21777"}],"curies":[{"name":"wp","href":"https:\/\/api.w.org\/{rel}","templated":true}]}}