{"id":21796,"date":"2024-07-01T11:22:44","date_gmt":"2024-07-01T09:22:44","guid":{"rendered":"http:\/\/karmel.hr\/?p=21796"},"modified":"2024-07-01T11:22:44","modified_gmt":"2024-07-01T09:22:44","slug":"mlada-misa-o-jurja-u-brezovici","status":"publish","type":"post","link":"https:\/\/karmel.hr\/?p=21796","title":{"rendered":"Mlada misa o. Jurja u Brezovici"},"content":{"rendered":"<p style=\"font-weight: 400;\">U nedjelju 30. lipnja 2024. godine mladomisnik karmeli\u0107anin o. Juraj od sv. Terezije od Djeteta Isusa proslavio je mladu misu u Karmelu u Brezovici u zajedni\u0161tvu sestara karmeli\u0107anki i prisutnih vjernika.\u00a0Uz njega su bili ministranti i \u010dita\u010di.<!--more--><\/p>\n<p style=\"font-weight: 400;\">Misao vodilja mladomisnikove propovijedi bila je dodir vjere koji stvara \u010duda: \u201eU na\u0161em \u017eivotu od pet osjetila kojima raspola\u017eemo, dodir se prvi razvija, i to ve\u0107 u maj\u010dinoj utrobi. On je izvor svih ostalih. Dodir ne posjeduje bogatstvo drugih osjetila \u2013 vida, sluha, njuha i opipa. Dodir je najbitniji za \u017eivot i komunikaciju. On ima ono \u0161to nemaju druga osjetila: uzajamnost. Ne mo\u017eemo dodirnuti neki predmet, a da on u istom trenutku ne dodirne nas, dok mo\u017eemo gledati i ne biti vi\u0111eni, ili slu\u0161ati, a da nas nitko ne \u010duje. Dodir stvara kontakt. Bitno je to za \u010dovjekovu vjeru koja je obilje\u017eena siroma\u0161tvom. Jer, vjerovati ne zna\u010di vidjeti ni razumjeti, ni osjetiti, no po vjeri mo\u017eemo na otajstveni na\u010din dodirnuti Boga i dopustiti njemu da dodirne nas. To je dodir vjere koji stvara \u010duda.\u201c<\/p>\n<p>O. Marinkovi\u0107 je naglasio kako u susretu i dodiru gesta ima jednaku va\u017enost kao i sama rije\u010d. Zato sv. Marko, kada pi\u0161e o Isusu, stavlja naglasak na Isusova \u010dudesa da bi u ljudima pobudio i oja\u010dao vjeru. To vidimo, kako nam donosi evan\u0111elje dana, kod uskri\u0161enja Jairove k\u0107eri i ozdravljenja bolesne \u017eene. Isus svoja \u010dudesna djela naj\u010de\u0161\u0107e \u010dini dodirom, a njegov spasonosni dodir posebno je prisutan u sakramentima.<\/p>\n<p style=\"font-weight: 400;\">Isus se \u010desto o\u010dituje kao \u010dudotvorac u na\u0161im \u017eivotima, u svakida\u0161njim potrebama, ne iscjeljuju\u0107i samo na\u0161e tijelo, ve\u0107 mijenjaju\u0107i i pou\u010davaju\u0107i na\u0161e srce. Isus \u017eeli da ga upoznamo, \u017eeli da to tra\u017eenje bude poput bolesne \u017eene i nadstojnika Jaira, da tako otvorimo na\u0161 \u017eivot i srce Bo\u017ejem daru, da se svakodnevno hranimo njegovom Rije\u010dju, njegovim Tijelom i njegovom Krvlju. Onda \u0107e dodir vjere stvarati \u010duda te \u0107e se djela Bo\u017eja svakodnevno pokazati na svakome od nas, misli su predvoditelja slavlja.<\/p>\n<p style=\"font-weight: 400;\">Misno slavlje animirale su sestre karmeli\u0107anke svojim skladnim pjevanjem, a na kraju svete Mise o. Marinkovi\u0107 udijelio je svim prisutnima svoj mladomisni\u010dki blagoslov.<\/p>\n<p style=\"font-weight: 400;\">Susret se nastavio u sestarskoj govornici gdje su se sestre izbliza mogle upoznati s mladomisnikom o. Jurjem i njegovim karmelskim pozivom, \u0161to je bilo na obostranu duhovnu izgradnju.<\/p>\n<div id='gallery-1' class='gallery galleryid-21796 gallery-columns-4 gallery-size-thumbnail'><figure class='gallery-item'>\n\t\t\t<div class='gallery-icon landscape'>\n\t\t\t\t<a href='https:\/\/karmel.hr\/wp-content\/uploads\/2024\/07\/DSCN9407.jpg'><img loading=\"lazy\" decoding=\"async\" width=\"150\" height=\"150\" src=\"https:\/\/karmel.hr\/wp-content\/uploads\/2024\/07\/DSCN9407-150x150.jpg\" class=\"attachment-thumbnail size-thumbnail\" alt=\"\" \/><\/a>\n\t\t\t<\/div><\/figure><figure class='gallery-item'>\n\t\t\t<div class='gallery-icon landscape'>\n\t\t\t\t<a href='https:\/\/karmel.hr\/wp-content\/uploads\/2024\/07\/DSCN9411.jpg'><img loading=\"lazy\" decoding=\"async\" width=\"150\" height=\"150\" src=\"https:\/\/karmel.hr\/wp-content\/uploads\/2024\/07\/DSCN9411-150x150.jpg\" class=\"attachment-thumbnail size-thumbnail\" alt=\"\" \/><\/a>\n\t\t\t<\/div><\/figure><figure class='gallery-item'>\n\t\t\t<div class='gallery-icon landscape'>\n\t\t\t\t<a href='https:\/\/karmel.hr\/wp-content\/uploads\/2024\/07\/DSCN9416.jpg'><img loading=\"lazy\" decoding=\"async\" width=\"150\" height=\"150\" src=\"https:\/\/karmel.hr\/wp-content\/uploads\/2024\/07\/DSCN9416-150x150.jpg\" class=\"attachment-thumbnail size-thumbnail\" alt=\"\" \/><\/a>\n\t\t\t<\/div><\/figure><figure class='gallery-item'>\n\t\t\t<div class='gallery-icon landscape'>\n\t\t\t\t<a href='https:\/\/karmel.hr\/wp-content\/uploads\/2024\/07\/DSCN9425.jpg'><img loading=\"lazy\" decoding=\"async\" width=\"150\" height=\"150\" src=\"https:\/\/karmel.hr\/wp-content\/uploads\/2024\/07\/DSCN9425-150x150.jpg\" class=\"attachment-thumbnail size-thumbnail\" alt=\"\" \/><\/a>\n\t\t\t<\/div><\/figure>\n\t\t<\/div>\n\n","protected":false},"excerpt":{"rendered":"<p>U nedjelju 30. lipnja 2024. godine mladomisnik karmeli\u0107anin o. Juraj od sv. Terezije od Djeteta Isusa proslavio je mladu misu u Karmelu u Brezovici u zajedni\u0161tvu sestara karmeli\u0107anki i prisutnih vjernika.\u00a0Uz njega su bili ministranti i \u010dita\u010di.<\/p>\n","protected":false},"author":2,"featured_media":21798,"comment_status":"open","ping_status":"open","sticky":false,"template":"","format":"standard","meta":{"_jetpack_memberships_contains_paid_content":false,"footnotes":"","jetpack_publicize_message":"","jetpack_publicize_feature_enabled":true,"jetpack_social_post_already_shared":true,"jetpack_social_options":{"image_generator_settings":{"template":"highway","default_image_id":0,"font":"","enabled":false},"version":2}},"categories":[1],"tags":[],"class_list":["post-21796","post","type-post","status-publish","format-standard","has-post-thumbnail","hentry","category-nekategorizirano"],"jetpack_publicize_connections":[],"jetpack_featured_media_url":"https:\/\/karmel.hr\/wp-content\/uploads\/2024\/07\/DSCN9411.jpg","jetpack_sharing_enabled":true,"jetpack-related-posts":[],"_links":{"self":[{"href":"https:\/\/karmel.hr\/index.php?rest_route=\/wp\/v2\/posts\/21796","targetHints":{"allow":["GET"]}}],"collection":[{"href":"https:\/\/karmel.hr\/index.php?rest_route=\/wp\/v2\/posts"}],"about":[{"href":"https:\/\/karmel.hr\/index.php?rest_route=\/wp\/v2\/types\/post"}],"author":[{"embeddable":true,"href":"https:\/\/karmel.hr\/index.php?rest_route=\/wp\/v2\/users\/2"}],"replies":[{"embeddable":true,"href":"https:\/\/karmel.hr\/index.php?rest_route=%2Fwp%2Fv2%2Fcomments&post=21796"}],"version-history":[{"count":1,"href":"https:\/\/karmel.hr\/index.php?rest_route=\/wp\/v2\/posts\/21796\/revisions"}],"predecessor-version":[{"id":21801,"href":"https:\/\/karmel.hr\/index.php?rest_route=\/wp\/v2\/posts\/21796\/revisions\/21801"}],"wp:featuredmedia":[{"embeddable":true,"href":"https:\/\/karmel.hr\/index.php?rest_route=\/wp\/v2\/media\/21798"}],"wp:attachment":[{"href":"https:\/\/karmel.hr\/index.php?rest_route=%2Fwp%2Fv2%2Fmedia&parent=21796"}],"wp:term":[{"taxonomy":"category","embeddable":true,"href":"https:\/\/karmel.hr\/index.php?rest_route=%2Fwp%2Fv2%2Fcategories&post=21796"},{"taxonomy":"post_tag","embeddable":true,"href":"https:\/\/karmel.hr\/index.php?rest_route=%2Fwp%2Fv2%2Ftags&post=21796"}],"curies":[{"name":"wp","href":"https:\/\/api.w.org\/{rel}","templated":true}]}}