{"id":21862,"date":"2024-07-22T23:34:09","date_gmt":"2024-07-22T21:34:09","guid":{"rendered":"http:\/\/karmel.hr\/?p=21862"},"modified":"2024-07-22T23:34:09","modified_gmt":"2024-07-22T21:34:09","slug":"prostenje-gospe-karmelske-u-brezovici-4","status":"publish","type":"post","link":"https:\/\/karmel.hr\/?p=21862","title":{"rendered":"Pro\u0161tenje Gospe Karmelske u Brezovici"},"content":{"rendered":"<p style=\"font-weight: 400;\">\u0160tovatelji Gospe Karmelske i sestre karmeli\u0107anke proslavile su za\u0161titnicu svoga Reda, samostana i crkve, Majku Bo\u017eju Karmelsku, pro\u0161tenjem u nedjelju 21. srpnja 2024.<!--more-->\u00a0Sredi\u0161nje misno slavlje predslavio je p. Sebastian \u0160ujevi\u0107, DI, provincijal Hrvatske pokrajine Dru\u017ebe Isusove.<\/p>\n<p style=\"font-weight: 400;\">U uvodnim mislima uveo je vjernike u slavlje Gospe Karmelske te je rekao da<em> karmel <\/em>ozna\u010duje plodnu vrtnu zemlju koja je natopljena Bo\u017ejom milo\u0161\u0107u i neprestalno donosi plodove. To je mjesto prisutnosti \u017eivoga Boga, Bo\u017eje miline, ljupkosti i Bo\u017ejeg djelovanja.<\/p>\n<p style=\"font-weight: 400;\">U homiliji p. \u0160ujevi\u0107 je istaknuo da je prva stvar koju danas Karmel stavlja pred nas kroz Rije\u010d Bo\u017eju Ilija prorok koji se povla\u010di u samo\u0107u i moli Gospodina. Prorok je osoba koja ostvaruje duboku povezanost s Gospodinom prenose\u0107i ljudima od Boga rije\u010d utjehe, ohrabrenja, ukora, ozdravljenja, smjernica i savjeta, te poziva na obra\u0107enje. Prorok \u010dini djela koja mijenjaju srca ljudi. Plod njegova djelovanja je jaka ki\u0161a milosti koja je donijela utjehu i nadu Izraelu, milost nakon su\u0161e, radost nakon \u017ealosti, utjehu nakon udaraca.<\/p>\n<p style=\"font-weight: 400;\">\u201eDrugo \u010ditanje i Evan\u0111elje nam prizivaju u svijest Bo\u017eju snagu da shvatimo da nismo sami. Mi smo hodaju\u0107i hramovi Bo\u017eji. Nosimo Boga u svijet doprinose\u0107i Kraljevstvu nebeskom. Vani mo\u017ee bjesniti rat, oluja, ali u srcu to bogatstvo je nepromjenjivo\u201c, rekao je propovjednik.<\/p>\n<p style=\"font-weight: 400;\">U nastavku homilije je istaknuo da su uz kri\u017e Isusov stajale \u017eene, \u017eene velikoga srca. Tako i u Karmelu ima mno\u0161tvo \u017eena koje stoje uz Isusa i donose radost, utjehu i mir na ovaj svijet. \u201eIsus nam daje dar; daje nam svoju Majku, savr\u0161enu, bez grijeha za\u010detu, punu Duha Svetoga, koja se brine za nas, \u0161titi i brani nas. Koliko smo privilegirani, blagoslovljeni! Daje nam sestre u Karmelu da se mole za nas i Majku Bo\u017eju da se zauzima za nas kod Gospodina. Zahvalimo Gospodinu za taj dar!\u201c, zaklju\u010dio je p. \u0160ujevi\u0107.<\/p>\n<p style=\"font-weight: 400;\">Mje\u0161oviti \u017eupni zbor \u201eSv. Cecilija\u201c iz Vukovine pod ravnanjem orgulja\u0161a dr. sc. Branka Pucekovi\u0107a svojim je zdu\u0161nim pjevanjem uveli\u010dao misno slavlje.<\/p>\n<p style=\"font-weight: 400;\">Kroz \u010ditav dan bilo je prigode za sakrament ispovijedi i obla\u010denje Gospinog \u0161kapulara.<\/p>\n<p style=\"font-weight: 400;\">\n<p style=\"font-weight: 400;\">Pro\u0161tenje Gospe Karmelske otvorio je jutarnjom sv. Misom vl\u010d. Ivan Vu\u010dak, \u017eupnik u Kra\u0161i\u0107u. Uz njega je slavio vl\u010d. Andrija Mili\u010devi\u0107. Misno slavlje su pjesmom animirale \u010duvarice sveti\u0161ta uz pratnju s. M. Kristine Jadani\u0107, OCD.<\/p>\n<p style=\"font-weight: 400;\">\u017dupni vikar \u017eupe Pohoda Bla\u017eene Djevice Marije u Vukovini, vl\u010d. Domagoj Topi\u0107, predvodio je hodo\u010dasni\u010dku zavjetnu misu spomenute \u017eupe. Misu je svojim zanosnim pjevanjem uveli\u010dao \u017eenski zbor iz Mraclina pod ravnanjem prof. Antuna Koteka.<\/p>\n<p style=\"font-weight: 400;\">Pro\u0161tenje Gospe Karmelske zavr\u0161ilo je s ve\u010dernjom sv. Misom koju je predslavio p. Marko Kornelije Glogovi\u0107, OSPPE, iz Svetica kraj Ozlja, a koju su animirale svojim pjevanjem sestre karmeli\u0107anke pod ravnanjem s. M. Bonite Kova\u010di\u0107. Uz p. Glogovi\u0107a za oltarom je bio \u017deljko Kova\u010devi\u0107, trajni \u0111akon iz Pisarovine. Ve\u010dernjoj svetoj Misi prethodila je molitva Ve\u010dernje \u010casoslova, a nakon svake svete Mise hodo\u010dasnici su mogli preporu\u010diti svoje nakane u molitve sestara karmeli\u0107anki te ih pozdraviti kod njihove re\u0161etke.<\/p>\n<div id='gallery-1' class='gallery galleryid-21862 gallery-columns-5 gallery-size-thumbnail'><figure class='gallery-item'>\n\t\t\t<div class='gallery-icon landscape'>\n\t\t\t\t<a href='https:\/\/karmel.hr\/wp-content\/uploads\/2024\/07\/DSCN9629.jpg'><img loading=\"lazy\" decoding=\"async\" width=\"150\" height=\"150\" src=\"https:\/\/karmel.hr\/wp-content\/uploads\/2024\/07\/DSCN9629-150x150.jpg\" class=\"attachment-thumbnail size-thumbnail\" alt=\"\" \/><\/a>\n\t\t\t<\/div><\/figure><figure class='gallery-item'>\n\t\t\t<div class='gallery-icon landscape'>\n\t\t\t\t<a href='https:\/\/karmel.hr\/wp-content\/uploads\/2024\/07\/DSCN9631.jpg'><img loading=\"lazy\" decoding=\"async\" width=\"150\" height=\"150\" src=\"https:\/\/karmel.hr\/wp-content\/uploads\/2024\/07\/DSCN9631-150x150.jpg\" class=\"attachment-thumbnail size-thumbnail\" alt=\"\" \/><\/a>\n\t\t\t<\/div><\/figure><figure class='gallery-item'>\n\t\t\t<div class='gallery-icon landscape'>\n\t\t\t\t<a href='https:\/\/karmel.hr\/wp-content\/uploads\/2024\/07\/20240721_070534.jpg'><img loading=\"lazy\" decoding=\"async\" width=\"150\" height=\"150\" src=\"https:\/\/karmel.hr\/wp-content\/uploads\/2024\/07\/20240721_070534-150x150.jpg\" class=\"attachment-thumbnail size-thumbnail\" alt=\"\" \/><\/a>\n\t\t\t<\/div><\/figure><figure class='gallery-item'>\n\t\t\t<div class='gallery-icon landscape'>\n\t\t\t\t<a href='https:\/\/karmel.hr\/wp-content\/uploads\/2024\/07\/DSCN9575.jpg'><img loading=\"lazy\" decoding=\"async\" width=\"150\" height=\"150\" src=\"https:\/\/karmel.hr\/wp-content\/uploads\/2024\/07\/DSCN9575-150x150.jpg\" class=\"attachment-thumbnail size-thumbnail\" alt=\"\" \/><\/a>\n\t\t\t<\/div><\/figure><figure class='gallery-item'>\n\t\t\t<div class='gallery-icon landscape'>\n\t\t\t\t<a href='https:\/\/karmel.hr\/wp-content\/uploads\/2024\/07\/DSCN9603.jpg'><img loading=\"lazy\" decoding=\"async\" width=\"150\" height=\"150\" src=\"https:\/\/karmel.hr\/wp-content\/uploads\/2024\/07\/DSCN9603-150x150.jpg\" class=\"attachment-thumbnail size-thumbnail\" alt=\"\" \/><\/a>\n\t\t\t<\/div><\/figure><figure class='gallery-item'>\n\t\t\t<div class='gallery-icon landscape'>\n\t\t\t\t<a href='https:\/\/karmel.hr\/wp-content\/uploads\/2024\/07\/DSCN9614.jpg'><img loading=\"lazy\" decoding=\"async\" width=\"150\" height=\"150\" src=\"https:\/\/karmel.hr\/wp-content\/uploads\/2024\/07\/DSCN9614-150x150.jpg\" class=\"attachment-thumbnail size-thumbnail\" alt=\"\" \/><\/a>\n\t\t\t<\/div><\/figure><figure class='gallery-item'>\n\t\t\t<div class='gallery-icon landscape'>\n\t\t\t\t<a href='https:\/\/karmel.hr\/wp-content\/uploads\/2024\/07\/DSCN9622.jpg'><img loading=\"lazy\" decoding=\"async\" width=\"150\" height=\"150\" src=\"https:\/\/karmel.hr\/wp-content\/uploads\/2024\/07\/DSCN9622-150x150.jpg\" class=\"attachment-thumbnail size-thumbnail\" alt=\"\" \/><\/a>\n\t\t\t<\/div><\/figure><figure class='gallery-item'>\n\t\t\t<div class='gallery-icon landscape'>\n\t\t\t\t<a href='https:\/\/karmel.hr\/wp-content\/uploads\/2024\/07\/DSCN9632.jpg'><img loading=\"lazy\" decoding=\"async\" width=\"150\" height=\"150\" src=\"https:\/\/karmel.hr\/wp-content\/uploads\/2024\/07\/DSCN9632-150x150.jpg\" class=\"attachment-thumbnail size-thumbnail\" alt=\"\" \/><\/a>\n\t\t\t<\/div><\/figure><figure class='gallery-item'>\n\t\t\t<div class='gallery-icon landscape'>\n\t\t\t\t<a href='https:\/\/karmel.hr\/wp-content\/uploads\/2024\/07\/DSCN9634.jpg'><img loading=\"lazy\" decoding=\"async\" width=\"150\" height=\"150\" src=\"https:\/\/karmel.hr\/wp-content\/uploads\/2024\/07\/DSCN9634-150x150.jpg\" class=\"attachment-thumbnail size-thumbnail\" alt=\"\" \/><\/a>\n\t\t\t<\/div><\/figure><figure class='gallery-item'>\n\t\t\t<div class='gallery-icon landscape'>\n\t\t\t\t<a href='https:\/\/karmel.hr\/wp-content\/uploads\/2024\/07\/DSCN9644.jpg'><img loading=\"lazy\" decoding=\"async\" width=\"150\" height=\"150\" src=\"https:\/\/karmel.hr\/wp-content\/uploads\/2024\/07\/DSCN9644-150x150.jpg\" class=\"attachment-thumbnail size-thumbnail\" alt=\"\" \/><\/a>\n\t\t\t<\/div><\/figure>\n\t\t<\/div>\n\n","protected":false},"excerpt":{"rendered":"<p>\u0160tovatelji Gospe Karmelske i sestre karmeli\u0107anke proslavile su za\u0161titnicu svoga Reda, samostana i crkve, Majku Bo\u017eju Karmelsku, pro\u0161tenjem u nedjelju 21. srpnja 2024.<\/p>\n","protected":false},"author":2,"featured_media":21863,"comment_status":"open","ping_status":"open","sticky":false,"template":"","format":"standard","meta":{"_jetpack_memberships_contains_paid_content":false,"footnotes":"","jetpack_publicize_message":"","jetpack_publicize_feature_enabled":true,"jetpack_social_post_already_shared":true,"jetpack_social_options":{"image_generator_settings":{"template":"highway","default_image_id":0,"font":"","enabled":false},"version":2}},"categories":[1],"tags":[],"class_list":["post-21862","post","type-post","status-publish","format-standard","has-post-thumbnail","hentry","category-nekategorizirano"],"jetpack_publicize_connections":[],"jetpack_featured_media_url":"https:\/\/karmel.hr\/wp-content\/uploads\/2024\/07\/20240721_070534.jpg","jetpack_sharing_enabled":true,"jetpack-related-posts":[],"_links":{"self":[{"href":"https:\/\/karmel.hr\/index.php?rest_route=\/wp\/v2\/posts\/21862","targetHints":{"allow":["GET"]}}],"collection":[{"href":"https:\/\/karmel.hr\/index.php?rest_route=\/wp\/v2\/posts"}],"about":[{"href":"https:\/\/karmel.hr\/index.php?rest_route=\/wp\/v2\/types\/post"}],"author":[{"embeddable":true,"href":"https:\/\/karmel.hr\/index.php?rest_route=\/wp\/v2\/users\/2"}],"replies":[{"embeddable":true,"href":"https:\/\/karmel.hr\/index.php?rest_route=%2Fwp%2Fv2%2Fcomments&post=21862"}],"version-history":[{"count":1,"href":"https:\/\/karmel.hr\/index.php?rest_route=\/wp\/v2\/posts\/21862\/revisions"}],"predecessor-version":[{"id":21873,"href":"https:\/\/karmel.hr\/index.php?rest_route=\/wp\/v2\/posts\/21862\/revisions\/21873"}],"wp:featuredmedia":[{"embeddable":true,"href":"https:\/\/karmel.hr\/index.php?rest_route=\/wp\/v2\/media\/21863"}],"wp:attachment":[{"href":"https:\/\/karmel.hr\/index.php?rest_route=%2Fwp%2Fv2%2Fmedia&parent=21862"}],"wp:term":[{"taxonomy":"category","embeddable":true,"href":"https:\/\/karmel.hr\/index.php?rest_route=%2Fwp%2Fv2%2Fcategories&post=21862"},{"taxonomy":"post_tag","embeddable":true,"href":"https:\/\/karmel.hr\/index.php?rest_route=%2Fwp%2Fv2%2Ftags&post=21862"}],"curies":[{"name":"wp","href":"https:\/\/api.w.org\/{rel}","templated":true}]}}