{"id":21940,"date":"2024-08-18T21:46:45","date_gmt":"2024-08-18T19:46:45","guid":{"rendered":"http:\/\/karmel.hr\/?p=21940"},"modified":"2024-08-18T21:46:45","modified_gmt":"2024-08-18T19:46:45","slug":"zlatomisnik-don-stjepan-bolkovac-u-brezovici","status":"publish","type":"post","link":"https:\/\/karmel.hr\/?p=21940","title":{"rendered":"Zlatomisnik don Stjepan Bolkovac u Brezovici"},"content":{"rendered":"<p style=\"font-weight: 400;\">Dugogodi\u0161nji prijatelj Karmela, salezijanski zlatojubilarac don Stjepan Bolkovac posjetio je u subotu, 17. kolovoza 2024. godine, sestre karmeli\u0107anke u Brezovici.<!--more--> Posjet je zapo\u010deo zlatomisni\u010dkim slavljem na kojemu je slavljenik zajedno sa sestrama zahvalio dobrome Bogu i Majci Bo\u017ejoj Karmelskoj za 50 godina sve\u0107eni\u0161tva i za neumorno slu\u017eenje Bogu, Crkvi i salezijancima.<\/p>\n<p style=\"font-weight: 400;\">U poticajnoj homiliji, don Stjepan se osvrnuo na dar sve\u0107eni\u0161tva te je rekao: \u201eSlavim poniznim i vjernim srcem poput Marije, svjestan da je sve Bo\u017eji dar; zahvalnim srcem, svjestan da je Boga hvaliti najve\u0107e u \u017eivotu \u010dime mo\u017eemo pokazati kome pripadamo i za kim hodimo&#8230; Gledaju\u0107i tih mojih pedeset godina, sad sam svjestan kako je Bog bio dobar prema meni, u meni i u mnogima po meni. Drago mi je da sam mogao biti vidljivi znak nevidljive Bo\u017eje ljubavi, kako ka\u017eu na\u0161e salezijanske Konstitucije. To \u017eelim ostati i dalje, do svoje smrti, da svaki koji me susretne mo\u017ee ra\u010dunati s Bogom.\u201c<\/p>\n<p style=\"font-weight: 400;\">Dodao je da mu je posebna radost to \u0161to je Evan\u0111elje dana tipi\u010dno salezijansko. Naime, Isusovi u\u010denici su branili da mu donose dje\u010dicu. No On je vidio druga\u010dije, te im je rekao: <em>\u201ePustite dje\u010dicu i ne prije\u010dite im k meni jer takvih je kraljevstvo nebesko!\u201c<\/em> (Mt 19, 14). Don Stjepan je naglasio da je dje\u010dja du\u0161a najbolje ogledalo kako \u017eivjeti s Bogom, kako biti otvoren Bogu. Ako ho\u0107emo vidjeti nebo, onda gledajmo u dje\u010dje o\u010di. Bog i nebo ogledaju se u dje\u010djim o\u010dima. O tome nam govori i sv. Mala Terezija koja smatra da ostati pred Bogom dijete zna\u010di \u017eivjeti nebo, misli su zlatojubilarca.<\/p>\n<p style=\"font-weight: 400;\">Na kraju homilije preporu\u010dio se sestrama sa \u017eeljom da i dalje bude dionik njihovih molitava i \u017ertava, kako bi se zajedno radovali svemu onome \u0161to Bog \u010dini u nama i po nama.<\/p>\n<p style=\"font-weight: 400;\">Prije sve\u010danog zlatomisni\u010dkog blagoslova don Bolkovac se jo\u0161 jednom zahvalio dragome Bogu i svim prisutnima na duhovnoj pratnji, naglasiv\u0161i da je kroz deset godina dijelio sa sestrama i dobro i zlo: dobro da nas dr\u017ei, a zlo da nas opominje da ostanemo vjerni Bogu.<\/p>\n<p style=\"font-weight: 400;\">Zlatnomisni\u010dko slavlje nastavilo se u sestarskoj govornici gdje su sestre \u010destitkom, pjesmom, dru\u017eenjem i rado\u0161\u0107u srca obnovile svoje uspomene, osobito na zadnjih deset godina prijateljske suradnje i slu\u017eenja don Bolkovaca Karmelu u Brezovici.<\/p>\n<div id='gallery-1' class='gallery galleryid-21940 gallery-columns-4 gallery-size-thumbnail'><figure class='gallery-item'>\n\t\t\t<div class='gallery-icon landscape'>\n\t\t\t\t<a href='https:\/\/karmel.hr\/wp-content\/uploads\/2024\/08\/DSCN9658.jpg'><img loading=\"lazy\" decoding=\"async\" width=\"150\" height=\"150\" src=\"https:\/\/karmel.hr\/wp-content\/uploads\/2024\/08\/DSCN9658-150x150.jpg\" class=\"attachment-thumbnail size-thumbnail\" alt=\"\" \/><\/a>\n\t\t\t<\/div><\/figure><figure class='gallery-item'>\n\t\t\t<div class='gallery-icon landscape'>\n\t\t\t\t<a href='https:\/\/karmel.hr\/wp-content\/uploads\/2024\/08\/DSCN9661.jpg'><img loading=\"lazy\" decoding=\"async\" width=\"150\" height=\"150\" src=\"https:\/\/karmel.hr\/wp-content\/uploads\/2024\/08\/DSCN9661-150x150.jpg\" class=\"attachment-thumbnail size-thumbnail\" alt=\"\" \/><\/a>\n\t\t\t<\/div><\/figure><figure class='gallery-item'>\n\t\t\t<div class='gallery-icon landscape'>\n\t\t\t\t<a href='https:\/\/karmel.hr\/wp-content\/uploads\/2024\/08\/DSCN9663.jpg'><img loading=\"lazy\" decoding=\"async\" width=\"150\" height=\"150\" src=\"https:\/\/karmel.hr\/wp-content\/uploads\/2024\/08\/DSCN9663-150x150.jpg\" class=\"attachment-thumbnail size-thumbnail\" alt=\"\" \/><\/a>\n\t\t\t<\/div><\/figure><figure class='gallery-item'>\n\t\t\t<div class='gallery-icon landscape'>\n\t\t\t\t<a href='https:\/\/karmel.hr\/wp-content\/uploads\/2024\/08\/DSCN9666.jpg'><img loading=\"lazy\" decoding=\"async\" width=\"150\" height=\"150\" src=\"https:\/\/karmel.hr\/wp-content\/uploads\/2024\/08\/DSCN9666-150x150.jpg\" class=\"attachment-thumbnail size-thumbnail\" alt=\"\" \/><\/a>\n\t\t\t<\/div><\/figure>\n\t\t<\/div>\n\n<p style=\"font-weight: 400;\">\n","protected":false},"excerpt":{"rendered":"<p>Dugogodi\u0161nji prijatelj Karmela, salezijanski zlatojubilarac don Stjepan Bolkovac posjetio je u subotu, 17. kolovoza 2024. godine, sestre karmeli\u0107anke u Brezovici.<\/p>\n","protected":false},"author":2,"featured_media":21944,"comment_status":"open","ping_status":"open","sticky":false,"template":"","format":"standard","meta":{"_jetpack_memberships_contains_paid_content":false,"footnotes":"","jetpack_publicize_message":"","jetpack_publicize_feature_enabled":true,"jetpack_social_post_already_shared":true,"jetpack_social_options":{"image_generator_settings":{"template":"highway","default_image_id":0,"font":"","enabled":false},"version":2}},"categories":[1],"tags":[],"class_list":["post-21940","post","type-post","status-publish","format-standard","has-post-thumbnail","hentry","category-nekategorizirano"],"jetpack_publicize_connections":[],"jetpack_featured_media_url":"https:\/\/karmel.hr\/wp-content\/uploads\/2024\/08\/DSCN9666.jpg","jetpack_sharing_enabled":true,"jetpack-related-posts":[],"_links":{"self":[{"href":"https:\/\/karmel.hr\/index.php?rest_route=\/wp\/v2\/posts\/21940","targetHints":{"allow":["GET"]}}],"collection":[{"href":"https:\/\/karmel.hr\/index.php?rest_route=\/wp\/v2\/posts"}],"about":[{"href":"https:\/\/karmel.hr\/index.php?rest_route=\/wp\/v2\/types\/post"}],"author":[{"embeddable":true,"href":"https:\/\/karmel.hr\/index.php?rest_route=\/wp\/v2\/users\/2"}],"replies":[{"embeddable":true,"href":"https:\/\/karmel.hr\/index.php?rest_route=%2Fwp%2Fv2%2Fcomments&post=21940"}],"version-history":[{"count":1,"href":"https:\/\/karmel.hr\/index.php?rest_route=\/wp\/v2\/posts\/21940\/revisions"}],"predecessor-version":[{"id":21945,"href":"https:\/\/karmel.hr\/index.php?rest_route=\/wp\/v2\/posts\/21940\/revisions\/21945"}],"wp:featuredmedia":[{"embeddable":true,"href":"https:\/\/karmel.hr\/index.php?rest_route=\/wp\/v2\/media\/21944"}],"wp:attachment":[{"href":"https:\/\/karmel.hr\/index.php?rest_route=%2Fwp%2Fv2%2Fmedia&parent=21940"}],"wp:term":[{"taxonomy":"category","embeddable":true,"href":"https:\/\/karmel.hr\/index.php?rest_route=%2Fwp%2Fv2%2Fcategories&post=21940"},{"taxonomy":"post_tag","embeddable":true,"href":"https:\/\/karmel.hr\/index.php?rest_route=%2Fwp%2Fv2%2Ftags&post=21940"}],"curies":[{"name":"wp","href":"https:\/\/api.w.org\/{rel}","templated":true}]}}