{"id":21994,"date":"2024-09-28T23:14:50","date_gmt":"2024-09-28T21:14:50","guid":{"rendered":"http:\/\/karmel.hr\/?p=21994"},"modified":"2024-10-16T11:23:01","modified_gmt":"2024-10-16T09:23:01","slug":"trinaesto-pismo-generalnog-definitorija","status":"publish","type":"post","link":"https:\/\/karmel.hr\/?p=21994","title":{"rendered":"Trinaesto pismo Generalnog definitorija"},"content":{"rendered":"<p style=\"text-align: right;\">Rim, 15. rujna 2024.<\/p>\n<p>Draga bra\u0107o i sestre terezijanskog Karmela!<\/p>\n<p>Primite na\u0161 bratski pozdrav iz Generalne ku\u0107e u Rimu. Pi\u0161emo vam na kraju nedavne tromjese\u010dne sjednice Definitorija koja se odr\u017eala od 4. do 14. rujna.<!--more--> Ovih dana navr\u0161avaju se to\u010dno tri godine od posljednjeg Generalnog kapitula 2021. i tako ulazimo u drugu polovicu \u0161estogodi\u0161ta. U ovom vremenu uspjeli smo osjetiti bogatstvo i slo\u017eenost situacije na\u0161e obitelji u raznim dijelovima svijeta te intenzivno osje\u0107amo izazove i nade sada\u0161njeg trenutka. Zahvaljujemo Gospodinu za prije\u0111eni put i molimo ga da nas prati i prosvjetljuje kako bismo nastavili slu\u017eiti Redu prema njegovoj volji. Zahvaljujemo svim \u010dlanovima terezijanskog Karmela \u2013 bra\u0107i, klauzurnim redovnicama i laicima \u2013 na prijemu i suradnji u vezi s inicijativama i odlukama Definitorija, te vas molimo da nastavite s povjerenjem moliti Gospodina za nas i za cijeli Red.<\/p>\n<p>U na\u0161oj slu\u017ebi i molitvi posebno imamo na umu na\u0161u bra\u0107u i sestre koji prolaze kroz te\u0161ko\u0107e bilo koje vrste. Mnoge su zajednice trenutno u kontekstima obilje\u017eenima ratovima, progonima, politi\u010dkim ili dru\u0161tvenim napetostima, ekonomskim pote\u0161ko\u0107ama itd. Svima njima \u017eelimo izraziti na\u0161u bliskost i na\u0161u brigu. Zahvaljujemo na velikodu\u0161nosti prema mjestima i samostanima za koje smo tra\u017eili financijsku pomo\u0107, te smo od vas primili vrlo velikodu\u0161an odgovor.<\/p>\n<h6><strong>Program \u0161estogodi\u0161ta<\/strong><\/h6>\n<p>Kao i obi\u010dno, na sastanku Definitorija op\u0161irno se razgovaralo o temama koje su u sredi\u0161tu pozornosti Reda u ovom \u0161estogodi\u0161tu.<\/p>\n<h6><em>Karmelsko-terezijanski identitet<\/em><\/h6>\n<p>Ne zaboravljamo rije\u010di pape Franje upu\u0107ene sudionicima Generalnog kapitula 2021.: \u201eNe smijete opona\u0161ati poslanje drugih karizmi, ve\u0107 biti vjerni svojem, kako biste svijetu dali ono \u0161to vam je Gospodin darovao za dobro svih, to jest \u017eivu vodu kontemplacije&#8230; Draga bra\u0107o, sklad izme\u0111u ovih triju elemenata: prijateljstvo s Bogom, bratski \u017eivot i poslanje, fascinantan je cilj, kadar motivirati va\u0161e sada\u0161nje i budu\u0107e odabire.\u201c<\/p>\n<p>Produbljivanje i a\u017euriranje na\u0161eg karmelsko-terezijanskog identiteta stalni je cilj koji oblikuje na\u0161e rasu\u0111ivanje. Deklaracija o karizmi, koju je odobrio Generalni kapitul, i dalje je va\u017ena referentna to\u010dka za cijeli Red. \u017divjeti na\u0161u karizmu na utjelovljen na\u010din na svakom mjestu gdje se nalazimo konkretan je na\u010din odgovora na poziv da slu\u017eimo Bogu i Crkvi.<\/p>\n<h6><em>Formacija<\/em><\/h6>\n<p>Kako bi karizma koju smo primili ostala aktualna i donosila obnovljene plodove u budu\u0107nosti, klju\u010dna je dobra po\u010detna i trajna formacija. Neophodno je uklju\u010divanje cijelog Reda kako bi se novim kandidatima, koji se osje\u0107aju pozvanima od Gospodina da postanu dio na\u0161e redovni\u010dke obitelji, omogu\u0107ilo potrebno rasu\u0111ivanje i najbolja mogu\u0107a po\u010detna formacija.<\/p>\n<p>Konkretan pomo\u0107nik u formativnom procesu je <em>Ratio Institutionis<\/em>, koji uklju\u010duje teorijske i prakti\u010dne elemente za po\u010detnu formaciju u cijelom Redu. Trenutno napredujemo u procesu a\u017euriranja teksta. Prvi nacrt, koji je pripremila Me\u0111unarodna komisija, nedavno je poslan svim provincijama na procjenu i oboga\u0107ivanje. S prikupljenim doprinosima i s revizijskim radom koji Komisija i Definitorij nastavljaju obavljati, u sljede\u0107im mjesecima imat \u0107emo dobar priru\u010dnik za po\u010detnu formaciju.<\/p>\n<p>Razgovarali smo o nekim specifi\u010dnim pitanjima vezanim uz formaciju. U na\u0161im smo dijalozima istaknuli potrebu za dobrim po\u010detnim rasu\u0111ivanjem i u razli\u010ditim fazama formacije, kao i potrebu za bliskim pra\u0107enjem prvih godina mladih koji zavr\u0161avaju formaciju s do\u017eivotnim zavjetima ili re\u0111enjem. U Me\u0111unarodnom zavodu u Rimu zapo\u010dinje nova akademska godina s obnovljenom formativnom zajednicom, koju smo ve\u0107 najavili u na\u0161em lipanjskom pismu, i s uklju\u010divanjem novih studenata iz razli\u010ditih dijelova svijeta. Tako\u0111er smo razmijenili informacije i dojmove o Drugom novicijatu, koji se sve vi\u0161e zajedni\u010dki provodi u razli\u010ditim regijama Reda (Indija, Afrika, Europa, Latinska Amerika&#8230;); iskustvo me\u0111uprovincijske suradnje na ovom podru\u010dju ocijenjeno je vrlo pozitivno. Jo\u0161 jedna vrlo cijenjena inicijativa bio je europski susret studenata, odr\u017ean u drugoj polovici kolovoza u Lisieuxu.<\/p>\n<h6><em>Intelektualni \u017eivot<\/em><\/h6>\n<p>\u0160to se ti\u010de kulturnog i intelektualnog podru\u010dja, Teolo\u0161ki fakultet <em>Teresianum<\/em> nastavlja raditi na novim prijedlozima kako bi obogatio akademsku ponudu i pru\u017eio kvalitetniju uslugu studentima. \u0160to se ti\u010de zajednice profesora, imenovali smo o. Denisa Chardonnensa (Avignon-Akvitanija) za poglavara, a za prvog savjetnika o. \u0141ukasza Strzy\u017ca-Steinerta (Njema\u010dka). Od srca zahvaljujemo o. Albertu Wachu (Krakov) i o. Innocentu Hakizimani (Kongo) za slu\u017ebu koju su obavljali posljednjih godina. Tako\u0111er smo imenovali o. Ignatiousa Kunnumpurathua (Malabar) poglavarom zajednice za specijalizaciju <em>Seminarium Missionum<\/em>, dok je o. Joemon Olattupurath (Manjummel) i dalje odgojitelj <em>socius<\/em> i ekonom zajednice.<\/p>\n<p>U CITeS-u u Avili upravo je odr\u017ean Drugi me\u0111unarodni kongres o Tereziji iz Lisieuxa i zapo\u010dinje nova akademska godina. Zajedno s magistarskim studijem mistike i humanisti\u010dkih znanosti, Centar nastavlja nuditi brojne aktivnosti povezane s mistikom i duhovno\u0161\u0107u. \u0160to se ti\u010de drugih centara, isti\u010demo novi diplomski program iz kr\u0161\u0107anske duhovnosti (<em>online<\/em>) koji organizira Jyotir Bhavan, Provincija Manjummel (Indija).<\/p>\n<p>Prema planu, skupina za razmi\u0161ljanje o intelektualnom \u017eivotu Reda odr\u017eala je svoj tre\u0107i susret krajem lipnja, ovaj put na <em>Teresianumu<\/em> u Rimu. Jedna od inicijativa na kojoj radi je organizacija me\u0111unarodnog kongresa o svetom Ivanu od Kri\u017ea i mistici, planiranog za 2026. godinu. Generalni poglavar \u0107e sa svoje strane uputiti pismo Redu o intelektualnom \u017eivotu u povodu svetkovine svete Terezije od Isusa.<\/p>\n<h6><em>Pastoralni rad s mladima<\/em><\/h6>\n<p>Generalni poglavar i Definitorij potvr\u0111uju svoju \u017eelju za promicanjem rada s mladima diljem svijeta. Trenutno se provodi konzultacija s redovnicima koji su izravno uklju\u010deni u pastoral mladih u razli\u010ditim okru\u017ejima kako bi se prikupile ideje i mogu\u0107e inicijative. Paralelno se priprema do\u010dek sudionika Jubileja mladih, koji \u0107e se odr\u017eati u Rimu od 28. srpnja do 3. kolovoza, u okviru Jubilarne godine 2025. (za detaljnije informacije i registraciju na raspolaganju je email carmelforyouth@proton.me).<\/p>\n<h6><em>Obljetnice<\/em><\/h6>\n<p>\u0160to se ti\u010de obljetnica Terezije iz Lisieuxa, nastavlja se program ponovnog \u010ditanja tekstova svetice, ove godine s odabranim dijelovima iz Rukopisa B i C. Materijali s tekstovima i prijedlozima za \u010ditanje i zajedni\u010dki razgovor dostupni su na web stranici Generalne ku\u0107e, zajedno s videozapisima za svaku temu (https:\/\/www.carmelitaniscalzi.com). U pripremi su ve\u0107 materijali za 2025. godinu, prvu stoljetnicu Terezijinog progla\u0161enja svetom.<\/p>\n<p>Istovremeno, ne smijemo zaboraviti da se pribli\u017eava 2026. godina, koju obilje\u017eava 300. obljetnica kanonizacije svetog Ivana od Kri\u017ea i 100. obljetnica progla\u0161enja nau\u010diteljem Crkve. Iberska provincija priprema brojne proslave i aktivnosti. Pozivamo sva okru\u017eja da iskoriste tu godinu kako bi produbile svoje znanje o \u017eivotu i nauku svetog Ivana od Kri\u017ea te obnovile njegovu prisutnost u na\u0161im \u017eivotima kao u\u010ditelja i uzora.<\/p>\n<h6><em>Marijanska duhovnost<\/em><\/h6>\n<p>Na blagdan Gospe Karmelske, 16. srpnja, Generalni poglavari karmeli\u0107ana i bosonogih karmeli\u0107ana poslali su zajedni\u010dko pismo pod nazivom \u201eU Mariji zora nade: molitva s Marijom\u201c. I dalje \u017eelimo revitalizirati marijanski \u017eivot u Karmelu jer smo uvjereni, kao \u0161to je re\u010deno u spomenutom pismu, da je \u201ebliskost s Marijom i intimnost s Njom uvijek bila izvor obnove i plodnosti u na\u0161oj karmelskoj obitelji jer otvara putove koji nas vode kroz tamu i ja\u010da nas u trenucima krize.\u201c<\/p>\n<p>U nadolaze\u0107im tjednima svim \u0107e \u010dlanovima Reda (bra\u0107i, redovnicama i laicima) biti poslan upitnik o raznim aspektima marijanskog \u017eivota, koji su pripremili redovnici iz Fatime (Portugal) u suradnji s Definitorijem. Cilj je spoznati sada\u0161nje stanje marijanskog \u017eivota u Redu, kako bi se predlo\u017eile inicijative koje bi pridonijele obnovi ovog stupa na\u0161eg karizme. Upitnik je podijeljen u \u010detiri dijela koji se odnose na karizmu, duhovni pastoral, mariologiju i pobo\u017enost. Pozivamo vas da odgovorite na upitnik.<\/p>\n<h6><strong>Pastoralne posjete<\/strong><\/h6>\n<p>Tijekom srpnja i kolovoza obavljene su \u010detiri pastoralne posjete. Definitorij je saslu\u0161ao i ocijenio izvje\u0161\u0107a posjetitelja, te pripremio neke prijedloge i odluke za svako okru\u017eje.<\/p>\n<h6><em>Zambija<\/em><\/h6>\n<p>O. Philbert je posjetio misiju u Zambiji, povjerenu Provinciji Manjummel, od 1. do 15. srpnja. U posljednjim danima posjeta bio je prisutan i Generalni poglavar. Misija je zapo\u010dela 2014. godine, na zahtjev biskupa biskupije Chipata. Trenutno se sastoji od dvije zajednice. Zajednica u Chamilali, sastavljena od tri redovnika, slu\u017ei lokalnu \u017eupu i nekoliko \u017eupnih kapelanija, od kojih su neke te\u0161ko dostupne. To je zaba\u010deno i siroma\u0161no podru\u010dje s malo kr\u0161\u0107ana. Druga zajednica otvorena je 2017. u Mwanjawanthuu, oko 300 km dalje, u ne\u0161to manje izoliranom podru\u010dju s ve\u0107im brojem kr\u0161\u0107ana. I ova zajednica se sastoji od tri brata. Osim \u017eupnog pastorala, ova zajednica je dom za duhovna zvanja i aspirante. Kandidati nastavljaju svoju formaciju u Tanzaniji. Biskup biskupije Lusaka ponudio je novu \u017eupu u glavnom gradu, \u0161to bi podrazumijevalo otvaranje tre\u0107e zajednice u Zambiji. U tu svrhu Provincija Manjummel nada se poslati vi\u0161e redovnika u sljede\u0107im mjesecima.<\/p>\n<p>Moramo se diviti i biti zahvalni za intenzivan i te\u017eak misionarski rad redovnika u Zambiji, koji djeluju u te\u0161kim uvjetima. Molimo Gospodina da blagoslovi i podr\u017ei u\u010dvr\u0161\u0107enje prisutnosti karmelske karizme u zemlji.<\/p>\n<h6><em>Flandrija<\/em><\/h6>\n<p>O. Christophe-Marie izvr\u0161io je pastoralnu posjetu poluprovinciji Flandrije od 2. do 24. srpnja, a Generalni poglavar osobno je sudjelovao u zaklju\u010denju posjeta. Prisutnost Reda u Belgiji datira iz 1610. godine; 1617. ustanovljena je Flandro-belgijska provincija, koja je 1761. podijeljena na provincije Flandrije i Brabanta. Flandrija je nekada imala sna\u017enu misionarsku dinamiku. U posljednjih nekoliko godina trenutna poluprovincija do\u017eivjela je zna\u010dajan pad broja redovnika, te sada ima 17 sve\u010dano zavjetovanih redovnika i 2 novaka, uz 5 redovnika izvan zajednice. Prosje\u010dna dob je oko 70 godina. Poluprovincija ima 4 zajednice, 3 u Flandriji i jednu u \u0160vedskoj, gdje kardinal Anders Arborelius tako\u0111er obavlja biskupsku slu\u017ebu. Bosonoge karmeli\u0107anke imaju 6 zajednica u Flandriji, jednu u Danskoj i jednu u \u0160vedskoj. \u0160to se ti\u010de svjetovnog Karmela, zajednice postoje u Flandriji, Danskoj, \u0160vedskoj, Norve\u0161koj, Finskoj i Latviji.<\/p>\n<p>Zajednica u Bruggeu (7 redovnika) je ku\u0107a za prihvat zvanja i postulanata, ali i ku\u0107a za goste. Program \u201eDo\u0111i i vidi\u201c donio je znakove nade s dva trenutna novaka. Zajednica u Gentu (3 redovnika) je provincijska ku\u0107a, sjedi\u0161te izdanja i duhovni centar (\u201eHet Ruspunt\u201c). Zajednica u Berchemu (4 redovnika) slu\u017ei u \u017eupi svete Terezije, ali njezina budu\u0107nost je neizvjesna. Zajednica u T\u00e5garp-Norrabyu u \u0160vedskoj (3 brata), slijedi polupustinja\u010dki na\u010din \u017eivota. Zajednice odr\u017eavaju vjernost zajedni\u010dkoj molitvi. U jako sekulariziranom dru\u0161tvu, aktivnosti su usmjerene na karmelsku pastoralnu skrb, posebno na prihvat ljudi koji su u tra\u017eenju.<\/p>\n<p>Uzimaju\u0107i u obzir aktualnu situaciju, predlo\u017eili smo ja\u010danje zajednica u Bruggeu, Gentu i T\u00e5garp-Norrabyju \u0161to je vi\u0161e mogu\u0107e. \u0160to se ti\u010de formacije kandidata, preporu\u010dljivo je sura\u0111ivati s drugim provincijama. \u017dele\u0107i pratiti redovnike izbliza u ovoj fazi, Definitorij smatra prikladnim promijeniti Statut okru\u017eja u Statut povjerenstva, za koji \u0107e se pripremiti posebni statuti i izvr\u0161iti odgovaraju\u0107a imenovanja.<\/p>\n<h6><em>Srednja Amerika<\/em><\/h6>\n<p>Od 1. srpnja do 31. kolovoza, o. Mart\u00edn je obavio pastoralnu vizitaciju Provincije Srednje Amerike. Generalni poglavar bio je prisutan u zavr\u0161noj fazi posjeta. Trenutna prisutnost Reda u regiji zapo\u010dela je misijskom djelatno\u0161\u0107u biv\u0161e provincije Arag\u00f3n-Valencia, koja je stigla u Nikaragvu 1950. godine, i provincije Navarra, koja je zapo\u010dela svoju djelatnost u Gvatemali 1953. godine. Provincija Srednje Amerike osnovana je 1997. godine i prisutna je u 6 zemalja: Gvatemala, Salvador, Nikaragva, Honduras, Kostarika i Panama. Provincija broji 46 redovnika s do\u017eivotnim zavjetima (41 u zajednicama Provincije, 1 u Meksiku, 2 u Rimu na slu\u017ebi Redu i 2 biskupa), 15 redovnika s privremenim zavjetima i 5 postulanata. Zajednica ima ukupno 11. Od toga, 8 ima \u017eupe, dvije su ku\u0107e za formaciju, a jedna je ku\u0107a duhovnosti. Istovremeno, 8 ku\u0107a vodi \u0161kole \u201eEstepre\u201c (Terezijanske \u0161kole za duhovnu promociju), zanimljive inicijative za promicanje karmelske duhovnosti.<\/p>\n<p>Na podru\u010dju provincije nalazi se 6 zajednica bosonogih karmeli\u0107anki i oko 250 \u010dlanova svjetovnog Karmela. Zna\u010dajna je i prisutnost \u017eenskih redovni\u010dkih instituta povezanih s Redom, od kojih su neki nastali u regiji.<\/p>\n<p>Provincija Srednje Amerike ima \u010detiri karakteristike koje je izdvajaju: tek je odnedavno provincija, multikulturalna je, ima dvostruku tradiciju (misionarsku i samostansku) i terezijanski naglasak. Najve\u0107a snaga Provincije je bratstvo, potpomognuto osobnim zalaganjem redovnika u zajedni\u010dkom \u017eivotu, kulturnom raznoliko\u0161\u0107u, provincijskim susretima i zajedni\u010dkim aktivnostima ponedjeljkom. Potrebno je nastaviti rasti u bratstvu, kao i u iskustvu molitve prema na\u0161oj karizmi, izbjegavaju\u0107i da pastoralna aktivnost postane prepreka zajedni\u010dkoj molitvi.<\/p>\n<p>I novicijat i teologija su me\u0111uprovincijski, uz sudjelovanje provincija Meksika i Srednje Amerike, komesarijata Kariba i delegacije Venezuele; oni su zajedni\u010dki izradili statute za usmjeravanje po\u010detne formacije, svjesni potrebe za intenziviranjem formacije odgajatelja.<\/p>\n<p>Provincija je zapo\u010dela proces restrukturiranja zajednica, iako izazov oblikovanja zajednica s dovoljnim brojem redovnika i dalje ostaje aktualan. Osje\u0107a se potreba izrade desetogodi\u0161njeg provincijskog plana, organiziranog po fazama i s periodi\u010dnim revizijama. Zapo\u010det je i dijalog izme\u0111u Provincije Srednje Amerike, Povjerenstva Kariba i Delegacije Venezuele o reorganizaciji mape prisutnosti koju je predlo\u017eio Definitorij.<\/p>\n<p>Na zavr\u0161nom susretu vizitacije u prisutnosti generalnog poglavara odlu\u010deno je privremeno ustupiti samostan u Managui (Nikaragva) biskupiji jer politi\u010dka situacija ote\u017eava ulazak redovnika u zemlju. Iako se razgovaralo o mogu\u0107em ulasku redovnika uz pomo\u0107 kardinala i neki su se ponudili za odlazak, zavr\u0161ni sabor vizitacije nije htio pristati uvjete koje je postavila vlada.<\/p>\n<h6><em>Malavi<\/em><\/h6>\n<p>O. Jean-Baptiste posjetio je Provincijsku delegaciju Malavija, koja pripada Provinciji Navarra, od 2. do 21. srpnja. Generalni poglavar bio je prisutan na susretu na kraju vizitacije, prate\u0107i po\u010detak novicijata nekolicine mladi\u0107a, privremene zavjete dvojice bra\u0107e i re\u0111enje jo\u0161 dvojice. Prisutnost u zemlji zapo\u010dela je 1963. godine. Trenutno ima pet zajednica: dvije ku\u0107e duhovnosti, dvije \u017eupe i jedna ku\u0107a za formaciju (postulatura \u2013 studij filozofije). Tako\u0111er vode vrti\u0107 i osnovnu \u0161kolu. U delegaciji je 17 redovnika s do\u017eivotnim zavjetima, od kojih 1 pripada komesarijatu Konga, a 1 provinciji Navarra; izvan delegacije nalaze se 2 u \u0160panjolskoj i 1 u Italiji. Na\u0161 brat George Tambala je nadbiskup Lilongwea. Redovnika s privremenim zavjetima ima 9, novaka 2 i postulanta 15. U Malaviju postoji jedna zajednica bosonogih karmeli\u0107anki, a prisutan je i svjetovni Karmel.<\/p>\n<p>Bra\u0107a \u017eive u bratstvu i prenose na\u0161u karizmu kroz razli\u010dite slu\u017ebe mjesnim Crkvama. Po\u010detna formacija je me\u0111uprovincijska: Malavi \u0161alje svoje studente teologije u Morogoro (Tanzanija, Provincija Karnataka-Goa), dok sam prima novake iz Kenije (Provincija Washington).<\/p>\n<p>Na zavr\u0161nom susretu vizitacije redovnici su potaknuti na odgovoran rast u ekonomiji, transparentnosti, odgovornom upravljanju, suradnji, sinodalnosti te suodgovornosti u \u017eivotu i apostolatu. Po\u017eeljno je napredovati u koordinaciji, planiranju i pra\u0107enju projekata u delegaciji i zajednicama. Razvojni projekti trebaju biti pripremljeni i planirani prema potrebama, te pra\u0107eni od njihove provedbe do provjere kroz dobro izra\u0111ene izvje\u0161taje, pod nadle\u017eno\u0161\u0107u Vije\u0107a provincijske delegacije i nadzorom provincijalnog poglavara, u skladu sa statutima. Tako\u0111er \u0107e biti korisno oja\u010dati dijalog i povjerenje izme\u0111u mati\u010dne provincije i delegacije.<\/p>\n<h6><em>Druge posjete<\/em><\/h6>\n<p>O. Roberto Maria izvijestio je o posjetu zajednici u Empoliju (Italija), koja pripada Provinciji Karnataka-Goa. Zajednica se sastoji od trojice redovnika koji slu\u017ee u \u017eupi i sura\u0111uju u bolni\u010dkoj pastoralnoj slu\u017ebi.<\/p>\n<p>Ovo je jedno od mjesta za koja je odobrena privremena dozvola boravka izvan teritorija vlastite provincije do 2026. godine. U svakom pojedina\u010dnom slu\u010daju dijalog izme\u0111u mati\u010dne provincije, mjesne provincije i Generalnog definitorija nastavlja se s ciljem uskla\u0111ivanja tih prisutnosti s duhom i zakonom na\u0161eg reda.<\/p>\n<h6><strong>Iz \u017eivota okru\u017eja<\/strong><\/h6>\n<p>Generalni definitorij \u017eeli pomno pratiti \u017eivot zajednica i bratski ih pratiti na njihovom putu. Kako bi pastoralni posjeti bili plodonosniji, molimo sve zajednice da godinu dana nakon posjeta po\u0161alju izvje\u0161taj o primjeni smjernica i odredbi koje je dostavio Definitorij. U nekim slu\u010dajevima, posjet ostaje otvorenim kako bi se situacija mogla pa\u017eljivije pratiti.<\/p>\n<p>Me\u0111u specifi\u010dnim temama iz \u017eivota okru\u017eja koje smo raspravljali na na\u0161em sastanku spominjemo sljede\u0107e:<\/p>\n<p>&#8211; U Izraelu na\u0161e zajednice bra\u0107e i redovnica \u017eive relativno normalno, usred ratne napetosti u regiji. Hodo\u010da\u0161\u0107a su znatno smanjena. Zbog razli\u010ditih razloga nedavno su se dogodile promjene u vezi s redovnicima koji slu\u017ee u Delegaciji. Nastavlja se priprema projekata obnove Wadi es-Siaha, prema ritmu koji dopu\u0161taju mnogobrojni i slo\u017eeni postupci koji su potrebni.<\/p>\n<p>&#8211; Raspravljali smo o razvoju nedavno osnovanog povjerenstva Lombardije i njegovoj prisutnosti u Kamerunu. Generalni definitorij je odobrio Statute zajednice u Monzi (Italija), koja \u0107e biti vo\u0111ena kao me\u0111uprovincijska ku\u0107a povjerenstva Lombardije i Venetske provincije.<\/p>\n<p>&#8211; Za povjerenika Komesarijata \u010cilea imenovali smo o. Cristhiana Oguedu, o. Leonela Ceniceros (Meksiko) za prvog savjetnika i o. Emilia Hadada (Meksiko) za drugog savjetnika.<\/p>\n<p>&#8211; Na zahtjev povjerenstva Konga prihvatili smo osnivanje nove prisutnosti u Gabonu.<\/p>\n<p>&#8211; Na zahtjev Anglo-irske provincije prihvatili smo premje\u0161taj novicijata u Termonbaccu (Derry, Sjeverna Irska).<\/p>\n<p>&#8211; Dali smo zeleno svjetlo za restrukturiranje nekih \u017eupnih slu\u017ebi na La R\u00e9unionu (povjerenstvo Madagaskar) koje je predlo\u017eio biskup.<\/p>\n<p>&#8211; Na zahtjev provincija odobrili smo kanonski osnutak ku\u0107a Mount Carmel Ashram u Irumbakacholai (Palakkad, Kerala, Indija, Provincija Manjummel), Muvattupuzha (Ernakulam, Kerala, Provincija Malabar), kao i novicijatske ku\u0107e u Malaybalay City i provincijalne ku\u0107e u Quezon Cityju (Provincija Filipina).<\/p>\n<p>&#8211; Primili smo nekoliko zahtjeva za financijsku pomo\u0107, na koje \u0107e se pojedina\u010dno odgovoriti.<\/p>\n<h6><strong>Generalna kurija<\/strong><\/h6>\n<p>Generalni prokurator o. Juan David Noguera a\u017eurirao je podatke o postupcima koji su u tijeku pred razli\u010ditim vatikanskim dikasterijima, a odnose se na redovnike Reda. Tako\u0111er je izvijestio o drugim pitanjima vezanim za op\u0107e upravljanje i razli\u010dite zajednice.<\/p>\n<p>Podsje\u0107amo da prema na\u0161im Konstitucijama \u201egeneralni prokurator ima zadatak baviti se poslovima Reda pred Apostolskom stolicom pod nadle\u017eno\u0161\u0107u generalnog predstojnika ili Definitorija, ovisno o prirodi slu\u010daja\u201c (Ustanove 190). Iz tog razloga prokurator povremeno podnosi Generalnom definitoriju detaljno izvje\u0161\u0107e o stanju slu\u010dajeva koji su u tijeku na razli\u010ditim vatikanskim dikasterijima, posebno o slu\u010dajevima redovnika u neregularnim situacijima. Isto tako, odr\u017eava potrebne kontakte s vi\u0161im poglavarima razli\u010ditih zajednica reda i sa samostanima i federacijama bosonogih karmeli\u0107anki kako bi im pomogao pripremiti potrebne dokumente za razli\u010dite postupke, i pru\u017eiti pravne savjete.<\/p>\n<p>Generalni postulator o. Marco Chiesa izlo\u017eio je najnovije vijesti o procesima beatifikacije i kanonizacije kojima se bavi. Tako\u0111er je izvijestio Definitorij o tijeku procesa prou\u010davanja tijela svete Terezije od Isusa, koji je u tijeku. Kao \u0161to su \u0161iroko izvijestili mediji, prva faza u Albi de Tormes je zavr\u0161ena i sada \u0107e stru\u010dnjaci u Italiji nastaviti znanstvenu analizu uzoraka uzetih tijekom tog postupka. Detaljni zaklju\u010dci postupka bit \u0107e objavljeni u dogledno vrijeme. U me\u0111uvremenu poduzet \u0107e se potrebne mjere kako bi se osigurala najbolja mogu\u0107a konzervacija sveti\u010dinih ostataka.<\/p>\n<p>Generalni ekonom o. Paolo De Carli predstavio je financijsko stanje Generalne ku\u0107e na kraju prvog polugodi\u0161ta, koje ne pokazuje zna\u010dajne promjene. Izra\u017eavamo zahvalnost za doprinose primljene od razli\u010ditih zajednica Reda, kao i od samostana redovnica. Me\u0111u najzna\u010dajnijim temama su sredstva za po\u010detnu formaciju, pomo\u0107 samostanima u potrebi, te prikupljanje sredstava za Ukrajinu, Siriju i Burkinu Faso.<\/p>\n<h6><strong>Bosonoge karmeli\u0107anke<\/strong><\/h6>\n<p>S o. Rafa\u0142om Wilkowskim, tajnikom za redovnice, i zamjenikom tajnika, o. Juanom Pablom Pati\u00f1om, razgovarali smo o nekim pitanjima vezanim za bosonoge karmeli\u0107anke. Trenutno je glavna tema revizija Konstitucija iz 1991. Nakon intenzivnog i plodnog iskustva susreta odr\u017eanog u Nemi pro\u0161log travnja s predstavnicama federacija i udruga iz cijelog svijeta, proces se nastavlja kroz nove etape.<\/p>\n<p>Kako je odlu\u010deno na spomenutoj skup\u0161tini, provedeno je savjetovanje sa svim federacijama s ciljem formiranja me\u0111unarodne radne komisije. Nakon \u0161to su primljeni svi prijedlozi, Generalni predstojnik je imenovao komisiju temeljem imena oko kojih je bilo najvi\u0161e konsenzusa i nastoje\u0107i osigurati \u0161to ve\u0107u reprezentativnost. Komisiju \u0107e \u010diniti sljede\u0107ih devet redovnica:<\/p>\n<p>&#8211; Rose Mary od Trojstva (Rosemary Efeti Matute), Buea (Kamerun)<\/p>\n<p>&#8211; Mary Elizabeth od Trojstva (Mary Elizabeth Goeckel), Loretto (Sjedinjene Ameri\u010dke Dr\u017eave)<\/p>\n<p>&#8211; Luc\u00eda de la Cruz (Luc\u00eda Alliende Est\u00e9vez), Santiago\/San Jos\u00e9 (\u010cile)<\/p>\n<p>&#8211; Mar\u00eda Silvia od Bo\u017eanskog Milosr\u0111a (Silvia Alejandra Becerra), C\u00f3rdoba (Argentina)<\/p>\n<p>&#8211; Augustina od Majke Bo\u017eje (Agustina Rosalia Zewet), Jakarta (Indonezija)<\/p>\n<p>&#8211; Anjali Charles od Presvetog Trojstva (Anne Jose), Kolayad (Kerala, Indija)<\/p>\n<p>&#8211; Kristina od Isusa (Christine Morel), Le Havre (Francuska)<\/p>\n<p>&#8211; Gema od Kri\u017ea (Gema Juan Herranz), Pu\u00e7ol (\u0160panjolska)<\/p>\n<p>&#8211; Veronika Terezija Elija od Duha Svetoga (Veronique Reincke), Aufkirchen (Njema\u010dka)<\/p>\n<p>\u010clanovi komisije bez prava glasa bit \u0107e i o. Rafa\u0142 Wilkowski i o. Juan Pablo Pati\u00f1o. Uskoro \u0107e zapo\u010deti dogovori izme\u0111u \u010dlanova Komisije kako bi se utvrdila dinamika i plan procesa revizije. Komisija \u0107e odlu\u010diti o na\u010dinu rada; u svakom slu\u010daju, budu\u0107i tekst Ustanova bit \u0107e podvrgnut ocjeni i prijedlozima zajednica, te \u0107e morati dobiti pristanak ve\u0107ine prije nego \u0161to bude predstavljen Dikasteriju za ustanove posve\u0107enog \u017eivota i dru\u017ebe apostolskog \u017eivota, koji ima ovlast da ga odobri.<\/p>\n<p>Analizirali smo tako\u0111er specifi\u010dnu situaciju nekih samostana koji zbog razli\u010ditih razloga zahtijevaju posebnu pa\u017enju. Iako je istina da se zatvaraju neke zajednice, treba naglasiti i da su od po\u010detka ove godine kanonski uspostavljene zajednice u Gospi\u0107u (Hrvatska), Fahefi (Tonga), Dongducheonu (Ju\u017ena Koreja) i Eroodeu (Thamarassery, Indija).<\/p>\n<h6><strong>Svjetovni Karmel<\/strong><\/h6>\n<p>Delegat za Svjetovni red o. Ramiro Casale izvijestio je o pripremi svjetskog susreta svjetovnog Karmela koji je planiran za srpanj 2026. u Avili. Tako\u0111er je govorio o susretima koje je imao proteklih mjeseci s OCDS zajednicama na raznim mjestima u svijetu (to\u010dnije: u Nigeriji, Nizozemskoj, Portoriku, Miamiju i Bostonu). Isto tako, predstavio je napredak u izradi novog Obrednika za Svjetovni red, koji \u0107e generalni postulator predati ovih dana Dikasteriju za bogo\u0161tovlje. Raspravljali smo o nekim pravnim pitanjima vezanim za Svjetovni red.<\/p>\n<p>Generalni definitorij prihvatio je slu\u017ebeno pridru\u017eivanje Redu sestara oblata svete Terezije od Djeteta Isusa, kongregacije osnovane 1929. godine na sjeveru Francuske. Ponovo su pridru\u017eene i <em>Karmelske Trojstvene saveznice<\/em>(Meksiko), nakon \u0161to su promijenile ime dru\u017ebe.<\/p>\n<p>Prije zavr\u0161etka na\u0161eg sastanka pregledali smo kalendar za nadolaze\u0107e mjesece, s posebnim naglaskom na preostale pastoralne posjete. Izme\u0111u kraja 2025. i sredine 2026. odr\u017eat \u0107e se provincijski kapituli, a po\u010detkom rujna 2026. odr\u017eat \u0107e se Izvanredni definitorij uz sudjelovanje novih vi\u0161ih poglavara. Planirano je da se odr\u017ei u Meksiku, a cilj \u0107e biti priprema Generalnog kapitula 2027. i pru\u017eanje smjernica i materijala provincijalima za bolji rad u slu\u017ebi svojim zajednicama. Tako\u0111er smo dobili informacije o tradicionalnom susretu ALACAR-a izme\u0111u karmeli\u0107ana i bosonogih karmeli\u0107ana, predvi\u0111enom od 20. do 25. listopada 2025. u Brazilu.<\/p>\n<p>Na kraju, prisjetili smo se da \u0107e 29. rujna Ana od Isusa biti progla\u0161ena bla\u017eenom u Bruxellesu na sve\u010danosti koju \u0107e predvoditi papa Franjo, uz sudjelovanje Generala o. Miguela M\u00e1rqueza Calle i generalnog postulatora o. Marca Chiese. Zazivamo na cijeli red zagovor nove Bla\u017eenice kojoj je sveti Ivan od Kri\u017ea rekao: \u201eAko je istina da Va\u0161a \u010casnost nema znanja o skolasti\u010dkoj teologiji kojom se razumiju bo\u017eanske istine, ne nedostaje joj misti\u010dna kojom se iste ne samo razumiju nego i ku\u0161aju\u201c (<em>Duhovni Spjev<\/em> B, Proslov, 3).<\/p>\n<p>Nakon ovih radnih sjednica, Definitorij \u0107e imati tri dana zajedni\u010dkog dru\u017eenja, promi\u0161ljanja i razgovora kako bismo podijelili dojmove o protekle tri godine mandata i usmjerili svoju slu\u017ebu u preostalom vremenu. Zahvaljujemo vam na va\u0161im molitvama koje nam poma\u017eu da uvijek budemo pozorni na potrebe reda i na Bo\u017eju volju.<\/p>\n<p>Bratski pozdrav!<\/p>\n<p style=\"text-align: right;\">o. Miguel M\u00e1rquez Calle, General<\/p>\n<p style=\"text-align: right;\">o. Agust\u00ed Borrell i Viader<\/p>\n<p style=\"text-align: right;\">o. Pius James D\u2019Souza<\/p>\n<p style=\"text-align: right;\">o. Philbert Namphande<\/p>\n<p style=\"text-align: right;\">o. Roberto Maria Pirastu<\/p>\n<p style=\"text-align: right;\">o. Christianus Surinono<\/p>\n<p style=\"text-align: right;\">o. Mart\u00edn Mart\u00ednez Larios<\/p>\n<p style=\"text-align: right;\">o. Christophe-Marie Baudouin<\/p>\n<p style=\"text-align: right;\">o. Jean-Baptiste Pagabeleguem<\/p>\n<p>&nbsp;<\/p>\n<p><span style=\"font-size: 10pt;\">Izvor: <a href=\"https:\/\/www.carmelitaniscalzi.com\/documenti\/definitorio-generale\/2024_lettera-definitorio_13-it\/\">https:\/\/www.carmelitaniscalzi.com\/documenti\/definitorio-generale\/2024_lettera-definitorio_13-it\/<\/a><\/span><\/p>\n","protected":false},"excerpt":{"rendered":"<p>Rim, 15. rujna 2024. Draga bra\u0107o i sestre terezijanskog Karmela! Primite na\u0161 bratski pozdrav iz Generalne ku\u0107e u Rimu. Pi\u0161emo vam na kraju nedavne tromjese\u010dne sjednice Definitorija koja se odr\u017eala od 4. do 14. rujna.<\/p>\n","protected":false},"author":2,"featured_media":21997,"comment_status":"open","ping_status":"open","sticky":false,"template":"","format":"standard","meta":{"_jetpack_memberships_contains_paid_content":false,"footnotes":"","jetpack_publicize_message":"","jetpack_publicize_feature_enabled":true,"jetpack_social_post_already_shared":true,"jetpack_social_options":{"image_generator_settings":{"template":"highway","default_image_id":0,"font":"","enabled":false},"version":2}},"categories":[1],"tags":[],"class_list":["post-21994","post","type-post","status-publish","format-standard","has-post-thumbnail","hentry","category-nekategorizirano"],"jetpack_publicize_connections":[],"jetpack_featured_media_url":"https:\/\/karmel.hr\/wp-content\/uploads\/2024\/09\/Pismo-Definitorija-rujan-2024.jpg","jetpack_sharing_enabled":true,"jetpack-related-posts":[],"_links":{"self":[{"href":"https:\/\/karmel.hr\/index.php?rest_route=\/wp\/v2\/posts\/21994","targetHints":{"allow":["GET"]}}],"collection":[{"href":"https:\/\/karmel.hr\/index.php?rest_route=\/wp\/v2\/posts"}],"about":[{"href":"https:\/\/karmel.hr\/index.php?rest_route=\/wp\/v2\/types\/post"}],"author":[{"embeddable":true,"href":"https:\/\/karmel.hr\/index.php?rest_route=\/wp\/v2\/users\/2"}],"replies":[{"embeddable":true,"href":"https:\/\/karmel.hr\/index.php?rest_route=%2Fwp%2Fv2%2Fcomments&post=21994"}],"version-history":[{"count":4,"href":"https:\/\/karmel.hr\/index.php?rest_route=\/wp\/v2\/posts\/21994\/revisions"}],"predecessor-version":[{"id":22000,"href":"https:\/\/karmel.hr\/index.php?rest_route=\/wp\/v2\/posts\/21994\/revisions\/22000"}],"wp:featuredmedia":[{"embeddable":true,"href":"https:\/\/karmel.hr\/index.php?rest_route=\/wp\/v2\/media\/21997"}],"wp:attachment":[{"href":"https:\/\/karmel.hr\/index.php?rest_route=%2Fwp%2Fv2%2Fmedia&parent=21994"}],"wp:term":[{"taxonomy":"category","embeddable":true,"href":"https:\/\/karmel.hr\/index.php?rest_route=%2Fwp%2Fv2%2Fcategories&post=21994"},{"taxonomy":"post_tag","embeddable":true,"href":"https:\/\/karmel.hr\/index.php?rest_route=%2Fwp%2Fv2%2Ftags&post=21994"}],"curies":[{"name":"wp","href":"https:\/\/api.w.org\/{rel}","templated":true}]}}