{"id":24273,"date":"2026-03-07T21:14:21","date_gmt":"2026-03-07T20:14:21","guid":{"rendered":"https:\/\/karmel.hr\/?p=24273"},"modified":"2026-04-16T23:28:11","modified_gmt":"2026-04-16T21:28:11","slug":"najava-dolaska-relikvija-svete-male-terezije-i-njenih-roditelja","status":"publish","type":"post","link":"https:\/\/karmel.hr\/?p=24273","title":{"rendered":"Najava dolaska relikvija svete Male Terezije i njenih roditelja"},"content":{"rendered":"<p style=\"font-weight: 400;\">Od 2. do 30. svibnja relikvije svete Male Terezije i njenih svetih roditelja Ljudevita i Zelije Martin pohodit \u0107e Hrvatsku, Bosnu i Hercegovinu i Srbiju prema okvirnom programu koji mo\u017eete preuzeti ni\u017ee.<!--more--> Pohod organiziraju karmeli\u0107anke Bo\u017eanskog Srca Isusova, Hrvatska karmelska provincija, Hrvatska biskupska konferencija, Biskupska konferencija BiH te Suboti\u010dka biskupija.<\/p>\n<p style=\"font-weight: 400;\">Organizacijski odbor ve\u0107 uvelike animira pripremu ovog logisti\u010dki zahtjevnog, ali i, nesumnjivo, milostima blagoslovljenog niza doga\u0111anja.\u00a0Na Radio Mariji krenuo je serijal emisija \u201eBit \u0107u ljubav\u201c koje se emitiraju prvog i tre\u0107eg utorka u mjesecu u 10:30 (radio i YouTube kanal Radio Marije Hrvatske), a dostupne su i na Radio Mariji BiH i Srbije, te Radiju Mir Me\u0111ugorje.<\/p>\n<p style=\"font-weight: 400;\">Na Hrvatskom katoli\u010dkom radiju od Pepelnice do Uskrsa emitiraju se svakodnevno u 6:15 \u201eMeditacije\u00a0iz Karmela:\u00a0Ususret\u00a0Uskrslom sa sv. Malom Terezijom i njezinim svetim roditeljima\u201c.<\/p>\n<p style=\"font-weight: 400;\">Za vi\u0161e informacija:<\/p>\n<p style=\"font-weight: 400;\">Organizacijski odbor za pohod relikvija sv. Male Terezije i sv. roditelja Ljudevita i Zelije Martin<\/p>\n<p style=\"font-weight: 400;\">Vrhovec 29, 10000 Zagreb<\/p>\n<p style=\"font-weight: 400;\">e-mail:\u00a0<a href=\"mailto:malaterezija2026@gmail.com\">malaterezija2026@gmail.com<\/a><\/p>\n<p style=\"text-align: center;\"><a href=\"https:\/\/karmel.hr\/wp-content\/uploads\/2026\/03\/Generalni-program-pohoda-relikvija-obitelji-Martin-azurirano.pdf\">Generalni program pohoda relikvija obitelji Martin (a\u017eurirano)<\/a><\/p>\n<p style=\"text-align: center;\"><a href=\"https:\/\/karmel.hr\/wp-content\/uploads\/2026\/03\/Sluzbeni-plakat-pohoda-relikvija-svete-Male-Terezije-i-njenih-roditelja.pdf\" target=\"_blank\" rel=\"noopener\">Slu\u017ebeni plakat pohoda relikvija svete Male Terezije i njenih roditelja<\/a><\/p>\n","protected":false},"excerpt":{"rendered":"<p>Od 2. do 30. svibnja relikvije svete Male Terezije i njenih svetih roditelja Ljudevita i Zelije Martin pohodit \u0107e Hrvatsku, Bosnu i Hercegovinu i Srbiju prema okvirnom programu koji mo\u017eete preuzeti ni\u017ee.<\/p>\n","protected":false},"author":2,"featured_media":24276,"comment_status":"open","ping_status":"open","sticky":false,"template":"","format":"standard","meta":{"_jetpack_memberships_contains_paid_content":false,"footnotes":"","jetpack_publicize_message":"","jetpack_publicize_feature_enabled":true,"jetpack_social_post_already_shared":true,"jetpack_social_options":{"image_generator_settings":{"template":"highway","default_image_id":0,"font":"","enabled":false},"version":2}},"categories":[53,47],"tags":[],"class_list":["post-24273","post","type-post","status-publish","format-standard","has-post-thumbnail","hentry","category-mala-terezija","category-relikvije-obitelji-martin"],"jetpack_publicize_connections":[],"jetpack_featured_media_url":"https:\/\/karmel.hr\/wp-content\/uploads\/2026\/03\/Sluzbeni-plakat-pohoda-relikvija-svete-Male-Terezije-i-njenih-roditelja.png","jetpack_sharing_enabled":true,"jetpack-related-posts":[],"_links":{"self":[{"href":"https:\/\/karmel.hr\/index.php?rest_route=\/wp\/v2\/posts\/24273","targetHints":{"allow":["GET"]}}],"collection":[{"href":"https:\/\/karmel.hr\/index.php?rest_route=\/wp\/v2\/posts"}],"about":[{"href":"https:\/\/karmel.hr\/index.php?rest_route=\/wp\/v2\/types\/post"}],"author":[{"embeddable":true,"href":"https:\/\/karmel.hr\/index.php?rest_route=\/wp\/v2\/users\/2"}],"replies":[{"embeddable":true,"href":"https:\/\/karmel.hr\/index.php?rest_route=%2Fwp%2Fv2%2Fcomments&post=24273"}],"version-history":[{"count":4,"href":"https:\/\/karmel.hr\/index.php?rest_route=\/wp\/v2\/posts\/24273\/revisions"}],"predecessor-version":[{"id":24343,"href":"https:\/\/karmel.hr\/index.php?rest_route=\/wp\/v2\/posts\/24273\/revisions\/24343"}],"wp:featuredmedia":[{"embeddable":true,"href":"https:\/\/karmel.hr\/index.php?rest_route=\/wp\/v2\/media\/24276"}],"wp:attachment":[{"href":"https:\/\/karmel.hr\/index.php?rest_route=%2Fwp%2Fv2%2Fmedia&parent=24273"}],"wp:term":[{"taxonomy":"category","embeddable":true,"href":"https:\/\/karmel.hr\/index.php?rest_route=%2Fwp%2Fv2%2Fcategories&post=24273"},{"taxonomy":"post_tag","embeddable":true,"href":"https:\/\/karmel.hr\/index.php?rest_route=%2Fwp%2Fv2%2Ftags&post=24273"}],"curies":[{"name":"wp","href":"https:\/\/api.w.org\/{rel}","templated":true}]}}