{"id":25229,"date":"2026-09-02T20:52:31","date_gmt":"2026-09-02T18:52:31","guid":{"rendered":"https:\/\/karmel.hr\/?p=25229"},"modified":"2026-09-02T21:02:53","modified_gmt":"2026-09-02T19:02:53","slug":"becki-dani-nasih-postulanata","status":"publish","type":"post","link":"https:\/\/karmel.hr\/?p=25229","title":{"rendered":"Be\u010dki dani na\u0161ih postulanata"},"content":{"rendered":"<p style=\"font-weight: 400;\">Postulanti Hrvatske karmelske provincije proveli su posljednjih mjesec dana svoje postulature, odnosno kolovoz i po\u010detak rujna 2026. godine, u Be\u010du sa svojim magistrom o. Jakovom Kuhari\u0107em.<!--more--> U tamo\u0161njem karmeli\u0107anskom samostanu revno su u\u010dili njema\u010dki jezik te se pripremali za ulazak u novicijat u Grazu i su\u017eivot s novacima austrijske provincije. Organizirani te\u010daj njema\u010dkog imali su radnim danima, a vikendima se na\u0161lo vremena za razli\u010dite aktivnosti i izlete. Me\u0111u njima bili su:<\/p>\n<p style=\"font-weight: 400;\">posjet hrvatskoj franjeva\u010dkoj misiji u Crkvi am Hof<a href=\"https:\/\/karmel.hr\/wp-content\/uploads\/2026\/09\/1.jpeg\"><img loading=\"lazy\" decoding=\"async\" class=\"alignleft size-full wp-image-25230\" src=\"https:\/\/karmel.hr\/wp-content\/uploads\/2026\/09\/1.jpeg\" alt=\"\" width=\"1600\" height=\"1066\" srcset=\"https:\/\/karmel.hr\/wp-content\/uploads\/2026\/09\/1.jpeg 1600w, https:\/\/karmel.hr\/wp-content\/uploads\/2026\/09\/1-300x200.jpeg 300w, https:\/\/karmel.hr\/wp-content\/uploads\/2026\/09\/1-1024x682.jpeg 1024w, https:\/\/karmel.hr\/wp-content\/uploads\/2026\/09\/1-768x512.jpeg 768w, https:\/\/karmel.hr\/wp-content\/uploads\/2026\/09\/1-1536x1023.jpeg 1536w\" sizes=\"auto, (max-width: 1600px) 100vw, 1600px\" \/><\/a><\/p>\n<p style=\"font-weight: 400;\">posjet Katedrali sv. Stjepana (Stephansdomu)<a href=\"https:\/\/karmel.hr\/wp-content\/uploads\/2026\/09\/2.jpeg\"><img loading=\"lazy\" decoding=\"async\" class=\"alignleft size-full wp-image-25231\" src=\"https:\/\/karmel.hr\/wp-content\/uploads\/2026\/09\/2.jpeg\" alt=\"\" width=\"1600\" height=\"1066\" srcset=\"https:\/\/karmel.hr\/wp-content\/uploads\/2026\/09\/2.jpeg 1600w, https:\/\/karmel.hr\/wp-content\/uploads\/2026\/09\/2-300x200.jpeg 300w, https:\/\/karmel.hr\/wp-content\/uploads\/2026\/09\/2-1024x682.jpeg 1024w, https:\/\/karmel.hr\/wp-content\/uploads\/2026\/09\/2-768x512.jpeg 768w, https:\/\/karmel.hr\/wp-content\/uploads\/2026\/09\/2-1536x1023.jpeg 1536w\" sizes=\"auto, (max-width: 1600px) 100vw, 1600px\" \/><\/a><\/p>\n<p style=\"font-weight: 400;\">izlet u cistercitsku opatiju Heiligenkreuz<a href=\"https:\/\/karmel.hr\/wp-content\/uploads\/2026\/09\/3.jpeg\"><img loading=\"lazy\" decoding=\"async\" class=\"alignleft size-full wp-image-25232\" src=\"https:\/\/karmel.hr\/wp-content\/uploads\/2026\/09\/3.jpeg\" alt=\"\" width=\"1600\" height=\"1066\" srcset=\"https:\/\/karmel.hr\/wp-content\/uploads\/2026\/09\/3.jpeg 1600w, https:\/\/karmel.hr\/wp-content\/uploads\/2026\/09\/3-300x200.jpeg 300w, https:\/\/karmel.hr\/wp-content\/uploads\/2026\/09\/3-1024x682.jpeg 1024w, https:\/\/karmel.hr\/wp-content\/uploads\/2026\/09\/3-768x512.jpeg 768w, https:\/\/karmel.hr\/wp-content\/uploads\/2026\/09\/3-1536x1023.jpeg 1536w\" sizes=\"auto, (max-width: 1600px) 100vw, 1600px\" \/><\/a><\/p>\n<p style=\"font-weight: 400;\">kupanje na Dunavu uz pa\u010di\u0107e&#8230;<a href=\"https:\/\/karmel.hr\/wp-content\/uploads\/2026\/09\/4.jpeg\"><img loading=\"lazy\" decoding=\"async\" class=\"alignleft size-full wp-image-25233\" src=\"https:\/\/karmel.hr\/wp-content\/uploads\/2026\/09\/4.jpeg\" alt=\"\" width=\"1600\" height=\"1066\" srcset=\"https:\/\/karmel.hr\/wp-content\/uploads\/2026\/09\/4.jpeg 1600w, https:\/\/karmel.hr\/wp-content\/uploads\/2026\/09\/4-300x200.jpeg 300w, https:\/\/karmel.hr\/wp-content\/uploads\/2026\/09\/4-1024x682.jpeg 1024w, https:\/\/karmel.hr\/wp-content\/uploads\/2026\/09\/4-768x512.jpeg 768w, https:\/\/karmel.hr\/wp-content\/uploads\/2026\/09\/4-1536x1023.jpeg 1536w\" sizes=\"auto, (max-width: 1600px) 100vw, 1600px\" \/><\/a> <a href=\"https:\/\/karmel.hr\/wp-content\/uploads\/2026\/09\/5.jpeg\"><img loading=\"lazy\" decoding=\"async\" class=\"alignleft size-full wp-image-25234\" src=\"https:\/\/karmel.hr\/wp-content\/uploads\/2026\/09\/5.jpeg\" alt=\"\" width=\"1600\" height=\"1066\" srcset=\"https:\/\/karmel.hr\/wp-content\/uploads\/2026\/09\/5.jpeg 1600w, https:\/\/karmel.hr\/wp-content\/uploads\/2026\/09\/5-300x200.jpeg 300w, https:\/\/karmel.hr\/wp-content\/uploads\/2026\/09\/5-1024x682.jpeg 1024w, https:\/\/karmel.hr\/wp-content\/uploads\/2026\/09\/5-768x512.jpeg 768w, https:\/\/karmel.hr\/wp-content\/uploads\/2026\/09\/5-1536x1023.jpeg 1536w\" sizes=\"auto, (max-width: 1600px) 100vw, 1600px\" \/><\/a><\/p>\n<p>&nbsp;<\/p>\n<p style=\"font-weight: 400;\">Kad su se ve\u0107 nazirale posljednje, najvi\u0161e stepenice i kraj postulature,<a href=\"https:\/\/karmel.hr\/wp-content\/uploads\/2026\/09\/6.jpeg\"><img loading=\"lazy\" decoding=\"async\" class=\"alignleft size-full wp-image-25235\" src=\"https:\/\/karmel.hr\/wp-content\/uploads\/2026\/09\/6.jpeg\" alt=\"\" width=\"1600\" height=\"1066\" srcset=\"https:\/\/karmel.hr\/wp-content\/uploads\/2026\/09\/6.jpeg 1600w, https:\/\/karmel.hr\/wp-content\/uploads\/2026\/09\/6-300x200.jpeg 300w, https:\/\/karmel.hr\/wp-content\/uploads\/2026\/09\/6-1024x682.jpeg 1024w, https:\/\/karmel.hr\/wp-content\/uploads\/2026\/09\/6-768x512.jpeg 768w, https:\/\/karmel.hr\/wp-content\/uploads\/2026\/09\/6-1536x1023.jpeg 1536w\" sizes=\"auto, (max-width: 1600px) 100vw, 1600px\" \/><\/a><\/p>\n<p style=\"font-weight: 400;\">neki od postulanata odlu\u010dili su se dodatno pripremiti za novicijat obla\u010denjem oklopa pravednosti (usp. Ef 6,14).<a href=\"https:\/\/karmel.hr\/wp-content\/uploads\/2026\/09\/7.jpeg\"><img loading=\"lazy\" decoding=\"async\" class=\"alignleft size-full wp-image-25237\" src=\"https:\/\/karmel.hr\/wp-content\/uploads\/2026\/09\/7.jpeg\" alt=\"\" width=\"852\" height=\"1280\" srcset=\"https:\/\/karmel.hr\/wp-content\/uploads\/2026\/09\/7.jpeg 852w, https:\/\/karmel.hr\/wp-content\/uploads\/2026\/09\/7-200x300.jpeg 200w, https:\/\/karmel.hr\/wp-content\/uploads\/2026\/09\/7-682x1024.jpeg 682w, https:\/\/karmel.hr\/wp-content\/uploads\/2026\/09\/7-768x1154.jpeg 768w\" sizes=\"auto, (max-width: 852px) 100vw, 852px\" \/><\/a><\/p>\n<p style=\"font-weight: 400;\">To se pokazalo pravim potezom jer su duhovne ku\u0161nje prije ulaska u novicijat poput roller coastera!<a href=\"https:\/\/karmel.hr\/wp-content\/uploads\/2026\/09\/8.jpeg\"><img loading=\"lazy\" decoding=\"async\" class=\"alignleft size-full wp-image-25236\" src=\"https:\/\/karmel.hr\/wp-content\/uploads\/2026\/09\/8.jpeg\" alt=\"\" width=\"1280\" height=\"852\" srcset=\"https:\/\/karmel.hr\/wp-content\/uploads\/2026\/09\/8.jpeg 1280w, https:\/\/karmel.hr\/wp-content\/uploads\/2026\/09\/8-300x200.jpeg 300w, https:\/\/karmel.hr\/wp-content\/uploads\/2026\/09\/8-1024x682.jpeg 1024w, https:\/\/karmel.hr\/wp-content\/uploads\/2026\/09\/8-768x511.jpeg 768w\" sizes=\"auto, (max-width: 1280px) 100vw, 1280px\" \/><\/a><\/p>\n<p style=\"font-weight: 400;\">S druge strane, neki nisu dopu\u0161tali da ih i\u0161ta uznemiri te su sve brige prepustili Duhu Svetom.<a href=\"https:\/\/karmel.hr\/wp-content\/uploads\/2026\/09\/9.jpeg\"><img loading=\"lazy\" decoding=\"async\" class=\"alignleft size-full wp-image-25238\" src=\"https:\/\/karmel.hr\/wp-content\/uploads\/2026\/09\/9.jpeg\" alt=\"\" width=\"1280\" height=\"852\" srcset=\"https:\/\/karmel.hr\/wp-content\/uploads\/2026\/09\/9.jpeg 1280w, https:\/\/karmel.hr\/wp-content\/uploads\/2026\/09\/9-300x200.jpeg 300w, https:\/\/karmel.hr\/wp-content\/uploads\/2026\/09\/9-1024x682.jpeg 1024w, https:\/\/karmel.hr\/wp-content\/uploads\/2026\/09\/9-768x511.jpeg 768w\" sizes=\"auto, (max-width: 1280px) 100vw, 1280px\" \/><\/a><\/p>\n<p style=\"font-weight: 400;\">Bilo kako bilo, svi su se korak po korak zajedno uspinjali prema sljede\u0107oj postaji svojeg duhovnog puta, ba\u0161 kao \u0161to su to \u010dinili penju\u0107i se na be\u010dku goru Kahlenberg.<a href=\"https:\/\/karmel.hr\/wp-content\/uploads\/2026\/09\/10.jpeg\"><img loading=\"lazy\" decoding=\"async\" class=\"alignleft size-full wp-image-25239\" src=\"https:\/\/karmel.hr\/wp-content\/uploads\/2026\/09\/10.jpeg\" alt=\"\" width=\"1280\" height=\"852\" srcset=\"https:\/\/karmel.hr\/wp-content\/uploads\/2026\/09\/10.jpeg 1280w, https:\/\/karmel.hr\/wp-content\/uploads\/2026\/09\/10-300x200.jpeg 300w, https:\/\/karmel.hr\/wp-content\/uploads\/2026\/09\/10-1024x682.jpeg 1024w, https:\/\/karmel.hr\/wp-content\/uploads\/2026\/09\/10-768x511.jpeg 768w\" sizes=\"auto, (max-width: 1280px) 100vw, 1280px\" \/><\/a><\/p>\n<p style=\"font-weight: 400;\">S vrha Kahlenberga pru\u017ea se \u0161iroki pogled na grad, \u0161to je magistar poku\u0161ao iskoristiti kako bi prona\u0161ao nove postulante.<a href=\"https:\/\/karmel.hr\/wp-content\/uploads\/2026\/09\/11.jpeg\"><img loading=\"lazy\" decoding=\"async\" class=\"alignleft size-full wp-image-25240\" src=\"https:\/\/karmel.hr\/wp-content\/uploads\/2026\/09\/11.jpeg\" alt=\"\" width=\"1280\" height=\"852\" srcset=\"https:\/\/karmel.hr\/wp-content\/uploads\/2026\/09\/11.jpeg 1280w, https:\/\/karmel.hr\/wp-content\/uploads\/2026\/09\/11-300x200.jpeg 300w, https:\/\/karmel.hr\/wp-content\/uploads\/2026\/09\/11-1024x682.jpeg 1024w, https:\/\/karmel.hr\/wp-content\/uploads\/2026\/09\/11-768x511.jpeg 768w\" sizes=\"auto, (max-width: 1280px) 100vw, 1280px\" \/><\/a><\/p>\n<p>&nbsp;<\/p>\n<p style=\"font-weight: 400;\">Zadnji tjedan u Be\u010du postulanti su proveli u duhovnim vje\u017ebama kojima su se pripremali za novicijat prou\u010davanjem na\u0161eg Prvotnog pravila te \u201eUputa jednom redovniku\u201c sv. Ivana od Kri\u017ea.<\/p>\n<p style=\"font-weight: 400;\">Na\u0161e postulante, kao i ostalu bra\u0107u u formaciji, preporu\u010damo u va\u0161e molitve kako bi ustrajali u svojem pozivu i nastojanju da vr\u0161e Bo\u017eju volju.<\/p>\n","protected":false},"excerpt":{"rendered":"<p>Postulanti Hrvatske karmelske provincije proveli su posljednjih mjesec dana svoje postulature, odnosno kolovoz i po\u010detak rujna 2026. godine, u Be\u010du sa svojim magistrom o. Jakovom Kuhari\u0107em.<\/p>\n","protected":false},"author":2,"featured_media":25241,"comment_status":"open","ping_status":"open","sticky":true,"template":"","format":"standard","meta":{"_jetpack_newsletter_access":"","_jetpack_dont_email_post_to_subs":false,"_jetpack_newsletter_tier_id":0,"_jetpack_memberships_contains_paywalled_content":false,"_jetpack_feature_clip_id":0,"_jetpack_memberships_contains_paid_content":false,"footnotes":"","jetpack_publicize_message":"","jetpack_publicize_feature_enabled":true,"jetpack_social_post_already_shared":true,"jetpack_social_options":{"image_generator_settings":{"template":"highway","default_image_id":0,"font":"","enabled":false},"version":2},"jetpack_post_was_ever_published":false},"categories":[72,45],"tags":[],"class_list":["post-25229","post","type-post","status-publish","format-standard","has-post-thumbnail","hentry","category-odgoj","category-postulatura"],"jetpack_publicize_connections":[],"jetpack_sharing_enabled":true,"jetpack-related-posts":[],"jetpack_featured_media_url":"https:\/\/karmel.hr\/wp-content\/uploads\/2026\/09\/0.jpeg","_links":{"self":[{"href":"https:\/\/karmel.hr\/index.php?rest_route=\/wp\/v2\/posts\/25229","targetHints":{"allow":["GET"]}}],"collection":[{"href":"https:\/\/karmel.hr\/index.php?rest_route=\/wp\/v2\/posts"}],"about":[{"href":"https:\/\/karmel.hr\/index.php?rest_route=\/wp\/v2\/types\/post"}],"author":[{"embeddable":true,"href":"https:\/\/karmel.hr\/index.php?rest_route=\/wp\/v2\/users\/2"}],"replies":[{"embeddable":true,"href":"https:\/\/karmel.hr\/index.php?rest_route=%2Fwp%2Fv2%2Fcomments&post=25229"}],"version-history":[{"count":9,"href":"https:\/\/karmel.hr\/index.php?rest_route=\/wp\/v2\/posts\/25229\/revisions"}],"predecessor-version":[{"id":25250,"href":"https:\/\/karmel.hr\/index.php?rest_route=\/wp\/v2\/posts\/25229\/revisions\/25250"}],"wp:featuredmedia":[{"embeddable":true,"href":"https:\/\/karmel.hr\/index.php?rest_route=\/wp\/v2\/media\/25241"}],"wp:attachment":[{"href":"https:\/\/karmel.hr\/index.php?rest_route=%2Fwp%2Fv2%2Fmedia&parent=25229"}],"wp:term":[{"taxonomy":"category","embeddable":true,"href":"https:\/\/karmel.hr\/index.php?rest_route=%2Fwp%2Fv2%2Fcategories&post=25229"},{"taxonomy":"post_tag","embeddable":true,"href":"https:\/\/karmel.hr\/index.php?rest_route=%2Fwp%2Fv2%2Ftags&post=25229"}],"curies":[{"name":"wp","href":"https:\/\/api.w.org\/{rel}","templated":true}]}}