{"id":3513,"date":"2015-04-17T13:48:01","date_gmt":"2015-04-17T13:48:01","guid":{"rendered":"http:\/\/karmel.hr\/?p=3513"},"modified":"2015-04-29T18:48:22","modified_gmt":"2015-04-29T18:48:22","slug":"blazena-marija-od-utjelovljenja-18-travnja","status":"publish","type":"post","link":"https:\/\/karmel.hr\/?p=3513","title":{"rendered":"Bla\u017eena Marija od Utjelovljenja (18. travnja)"},"content":{"rendered":"<p>U povijesti mistike poznato je ime Marije od Utjelovljenja. Nju \u010dak ubrajaju me\u0111u velike misti\u010darke. Jo\u0161 prije nego je stupila u karmeli\u0107anski samostan u Amiensu, jedan je njezin suvremenik zabilje\u017eio &#8220;da se ni\u0161ta zna\u010dajnije za slavu Bo\u017eju nije poduzimalo, a da se o tome nije prije s njome razgovaralo i savjetovalo&#8221;. Njezina je najve\u0107a zasluga da se bosonoge karmeli\u0107anke sv. Terezije Avilske ra\u0161iri\u0161e po Francuskoj. Zbog toga je dobila i \u010dastan naslov &#8220;majka i utemeljiteljica Karmela u Francuskoj&#8221;.<!--more--><\/p>\n<p><a href=\"https:\/\/karmel.hr\/wp-content\/uploads\/2015\/04\/426167665.jpg\"><img loading=\"lazy\" decoding=\"async\" class=\"alignleft  wp-image-3518\" src=\"https:\/\/karmel.hr\/wp-content\/uploads\/2015\/04\/426167665-208x300.jpg\" alt=\"426167665\" width=\"160\" height=\"231\" srcset=\"https:\/\/karmel.hr\/wp-content\/uploads\/2015\/04\/426167665-208x300.jpg 208w, https:\/\/karmel.hr\/wp-content\/uploads\/2015\/04\/426167665.jpg 347w\" sizes=\"auto, (max-width: 160px) 100vw, 160px\" \/><\/a>Rodila se 1. velja\u010de 1566. u Parizu. Otac joj je Nikola Avrillot, gospodar Champl\u00e2treauxa, a majka Marija L&#8217;Huilier. Na kr\u0161tenju je dobila ime Barbara. Obitelj Avrillot ubrajala se me\u0111u najodli\u010dnije u Parizu, a za vrijeme hugenotskih sukoba pristajala je odlu\u010dno uz katoli\u010dku vjeru i stranku. Bilo je to doba vjerskih ratova izme\u0111u kalvinisti\u010dkih hugenota i katoli\u010dke stranke, koja se od godine 1576. Po\u010de nazivati &#8220;Liga&#8221;. Barbara je odrasla u jeku stra\u0161ne &#8220;bartolomejske no\u0107i&#8221;, u kojoj je g. 1572. nad hugenotima Francuske izvr\u0161en pokolj.<\/p>\n<p>Barbara je kao djevoj\u010dica bila u pansionatu klarisa u Longchampu. Klarise su izrazito kontemplativne redovnice koje \u017eive u strogoj klauzuri. Odgoj klarisa bit \u0107e za Barbarinu budu\u0107nost od velikog zna\u010denja. On \u0107e joj pomo\u0107i da duboko u\u0111e u kr\u0161\u0107anske istine i da provodi i pro\u017eivljava dublje kr\u0161\u0107anstvo. Tako je ve\u0107 njezina prva pri\u010dest kod klarisa, kad joj je bilo 12 godina, bila vrlo dobro pripremljena pa je zato ostavila u djevoj\u010dici i duboke tragove. Bio je to za nju do\u017eivljaj koji ne\u0107e nikada zaboraviti. Njoj je u samostanu bilo vrlo lijepo, osje\u0107ala se u svom elementu i najradije bi postala redovnica.<\/p>\n<p><a href=\"https:\/\/karmel.hr\/wp-content\/uploads\/2015\/04\/marie-of-the-incarnation.jpg\"><img loading=\"lazy\" decoding=\"async\" class=\"alignnone size-full wp-image-3519\" src=\"https:\/\/karmel.hr\/wp-content\/uploads\/2015\/04\/marie-of-the-incarnation.jpg\" alt=\"marie-of-the-incarnation\" width=\"533\" height=\"597\" srcset=\"https:\/\/karmel.hr\/wp-content\/uploads\/2015\/04\/marie-of-the-incarnation.jpg 533w, https:\/\/karmel.hr\/wp-content\/uploads\/2015\/04\/marie-of-the-incarnation-268x300.jpg 268w\" sizes=\"auto, (max-width: 533px) 100vw, 533px\" \/><\/a><\/p>\n<p>No ti bla\u017eeni roditelji, bilo je tako i kod nje, imali su s njome druge planove. Ona se morala udati i postati madame Acarie. Za na\u0161e pojmove \u010dudno, ali, na \u017ealost, stvarno. Bilo joj je za udaje tek 16 godina. Iako se udala preko volje, Barbara je u 30 godina bra\u010dnoga \u017eivota bila i uzorna \u017eena i majka, mila Bogu i ljudima. Kroz te je godine u\u010dila kako se svetost mo\u017ee postizavati i izvan samostana. U tom joj je mnogo pomogao Sv. Franjo Sale\u0161ki, koji ju je duhovno vodio.<\/p>\n<p><a href=\"https:\/\/karmel.hr\/wp-content\/uploads\/2015\/04\/d9ef9d_f673f0c3da4642d9b2a18e8e7d8c030c.jpg_srz_452_964_85_22_0.50_1.20_0.00_jpg_srz.jpeg\"><img loading=\"lazy\" decoding=\"async\" class=\"alignleft size-medium wp-image-3521\" src=\"https:\/\/karmel.hr\/wp-content\/uploads\/2015\/04\/d9ef9d_f673f0c3da4642d9b2a18e8e7d8c030c.jpg_srz_452_964_85_22_0.50_1.20_0.00_jpg_srz-141x300.jpeg\" alt=\"d9ef9d_f673f0c3da4642d9b2a18e8e7d8c030c.jpg_srz_452_964_85_22_0.50_1.20_0.00_jpg_srz\" width=\"141\" height=\"300\" srcset=\"https:\/\/karmel.hr\/wp-content\/uploads\/2015\/04\/d9ef9d_f673f0c3da4642d9b2a18e8e7d8c030c.jpg_srz_452_964_85_22_0.50_1.20_0.00_jpg_srz-141x300.jpeg 141w, https:\/\/karmel.hr\/wp-content\/uploads\/2015\/04\/d9ef9d_f673f0c3da4642d9b2a18e8e7d8c030c.jpg_srz_452_964_85_22_0.50_1.20_0.00_jpg_srz.jpeg 452w\" sizes=\"auto, (max-width: 141px) 100vw, 141px\" \/><\/a>U jesen 1601. \u010ditala je duhovne spise Sv. Terezije Avilske, koji su je tako sna\u017eno zahvatili da je odlu\u010dila njezinu redovni\u010dku obnovu Karmela uvesti u Francusku. Po\u010dela je skupljati zvanja za takav na\u010din \u017eivota pa je uz pismeno odobrenje Klementa VIII. od 13. studenoga 1603. sagradila u Parizu prvi samostan bosonogih karmeli\u0107anki. Duhovno ih je vodio njezin ro\u0111ak, a kasnije kardinal Petar de Berulle. Barbara je sura\u0111ivala na tome da su se otvorili sli\u010dni samostani i u Pontoiseu, Dijonu i Amiensu.<\/p>\n<p>Me\u0111u bosonoge karmeli\u0107anke stupile su i njezine tri k\u0107eri. Jedna je od njih &#8211; Margareta &#8211; imala tek 15 godina. Godine 1613. razbolio se Barbarin mu\u017e. Ona ga je bri\u017eno dvorila i nije se udaljavala od njegove bolesni\u010dke postelje sve dok nije umro smr\u0107u pravednika. U \u017ealosti za njim utje\u0161ila se prosvjetljenjem odozgor da se spasio.<\/p>\n<p>Sada je bila slobodna od svih spona ovoga svijeta pa ispuni svoju \u017eelju iz mladosti te stupi u Karmel i postade karmeli\u0107anka. Za nju su se otimali karmeli\u0107anski samostani, ali ona je izabrala najsiroma\u0161niji od njih, onaj u Amiensu. Obukla je redovni\u010dko odijelo 7. travnja 1614. uzev\u0161i ime Marija od Utjelovljenja. Kao redovnica bila je na pobudu svim sestrama jer je uvijek bila spremna obavljati najni\u017ee poslove bilo u kuhinji, bilo drugdje, bilo dvore\u0107i bolesnice. Veoma je ljubila redovni\u010dko siroma\u0161tvo.<\/p>\n<p>Iako je bila od Boga obdarena velikim duhovnim darovima, ostade ponizna, jednostavna, smatraju\u0107i da je vr\u0161enje obi\u010dnih svakida\u0161njih du\u017enosti najbolji put prema Bogu. Iz zdravstvenih razloga pozvana je 7. prosinca 1616. u samostan u Pontoise, gdje je nakon duge i mukotrpne bolesti sveto preminula 18. travnja 1618.<\/p>\n<p><a href=\"https:\/\/karmel.hr\/wp-content\/uploads\/2015\/04\/1977178452.jpg\"><img loading=\"lazy\" decoding=\"async\" class=\"alignnone size-full wp-image-3520\" src=\"https:\/\/karmel.hr\/wp-content\/uploads\/2015\/04\/1977178452.jpg\" alt=\"1977178452\" width=\"500\" height=\"404\" srcset=\"https:\/\/karmel.hr\/wp-content\/uploads\/2015\/04\/1977178452.jpg 500w, https:\/\/karmel.hr\/wp-content\/uploads\/2015\/04\/1977178452-300x242.jpg 300w\" sizes=\"auto, (max-width: 500px) 100vw, 500px\" \/><\/a><\/p>\n<p>Bla\u017eenom ju je proglasio 5. lipnja 1791. papa Pio VI. Iza sebe nije ostavila nikakva spisa, osim nekoliko pisama. No, sama je bila \u017eiva knjiga savr\u0161ene ljubavi prema Bogu i bli\u017enjemu. Njezin kasniji \u017eivotopisac dr. Duval jednom ju je nenadano sreo, a o tome je susretu zapisao ovo: <em>&#8220;Njezino je lice bilo tako svijetlo i tako sjajno da sam gotovo oslijepio.&#8221;<\/em> Bilo je to svjetlo od vatre ljubavi koja ju je izgarala. To mo\u017ee shvatiti samo onaj koji shva\u0107a \u0161to je ljubav.<\/p>\n<p>Marija od Utjelovljenja, jo\u0161 dok je bila madame Acarie, ljubila je Boga iznad svega i zato je ve\u0107 tada govorila: <em>&#8220;Da budemo dostojni Boga, moramo se osloboditi svih drugih stvari i potpuno se podvrgnuti Njegovoj volji.&#8221;<\/em> U tome je bio i sav njezin \u017eivot, a zato je i bio tako plodan dobrim djelima i u svijetu i u samostanu.<\/p>\n","protected":false},"excerpt":{"rendered":"<p>U povijesti mistike poznato je ime Marije od Utjelovljenja. Nju \u010dak ubrajaju me\u0111u velike misti\u010darke. Jo\u0161 prije nego je stupila u karmeli\u0107anski samostan u Amiensu, jedan je njezin suvremenik zabilje\u017eio &#8220;da se ni\u0161ta zna\u010dajnije za slavu Bo\u017eju nije poduzimalo, a da se o tome nije prije s njome razgovaralo i savjetovalo&#8221;. Njezina je najve\u0107a zasluga &hellip; <a href=\"https:\/\/karmel.hr\/?p=3513\" class=\"more-link\">Nastavi \u010ditati <span class=\"screen-reader-text\">Bla\u017eena Marija od Utjelovljenja (18. travnja)<\/span> <span class=\"meta-nav\">&rarr;<\/span><\/a><\/p>\n","protected":false},"author":1,"featured_media":3526,"comment_status":"open","ping_status":"open","sticky":false,"template":"","format":"standard","meta":{"_jetpack_newsletter_access":"","_jetpack_dont_email_post_to_subs":false,"_jetpack_newsletter_tier_id":0,"_jetpack_memberships_contains_paywalled_content":false,"_jetpack_feature_clip_id":0,"_jetpack_memberships_contains_paid_content":false,"footnotes":"","jetpack_publicize_message":"","jetpack_publicize_feature_enabled":true,"jetpack_social_post_already_shared":true,"jetpack_social_options":{"image_generator_settings":{"template":"highway","default_image_id":0,"font":"","enabled":false},"version":2},"jetpack_post_was_ever_published":false},"categories":[1],"tags":[],"class_list":["post-3513","post","type-post","status-publish","format-standard","has-post-thumbnail","hentry","category-nekategorizirano"],"jetpack_publicize_connections":[],"jetpack_sharing_enabled":true,"jetpack-related-posts":[],"jetpack_featured_media_url":"https:\/\/karmel.hr\/wp-content\/uploads\/2015\/04\/d9ef9d_a790e183bb3b4fb6934e0f807b10ad3e.jpg_srz_920_555_85_22_0.50_1.20_0.00_jpg_srz1-e1429348498191.jpeg","_links":{"self":[{"href":"https:\/\/karmel.hr\/index.php?rest_route=\/wp\/v2\/posts\/3513","targetHints":{"allow":["GET"]}}],"collection":[{"href":"https:\/\/karmel.hr\/index.php?rest_route=\/wp\/v2\/posts"}],"about":[{"href":"https:\/\/karmel.hr\/index.php?rest_route=\/wp\/v2\/types\/post"}],"author":[{"embeddable":true,"href":"https:\/\/karmel.hr\/index.php?rest_route=\/wp\/v2\/users\/1"}],"replies":[{"embeddable":true,"href":"https:\/\/karmel.hr\/index.php?rest_route=%2Fwp%2Fv2%2Fcomments&post=3513"}],"version-history":[{"count":3,"href":"https:\/\/karmel.hr\/index.php?rest_route=\/wp\/v2\/posts\/3513\/revisions"}],"predecessor-version":[{"id":3728,"href":"https:\/\/karmel.hr\/index.php?rest_route=\/wp\/v2\/posts\/3513\/revisions\/3728"}],"wp:featuredmedia":[{"embeddable":true,"href":"https:\/\/karmel.hr\/index.php?rest_route=\/wp\/v2\/media\/3526"}],"wp:attachment":[{"href":"https:\/\/karmel.hr\/index.php?rest_route=%2Fwp%2Fv2%2Fmedia&parent=3513"}],"wp:term":[{"taxonomy":"category","embeddable":true,"href":"https:\/\/karmel.hr\/index.php?rest_route=%2Fwp%2Fv2%2Fcategories&post=3513"},{"taxonomy":"post_tag","embeddable":true,"href":"https:\/\/karmel.hr\/index.php?rest_route=%2Fwp%2Fv2%2Ftags&post=3513"}],"curies":[{"name":"wp","href":"https:\/\/api.w.org\/{rel}","templated":true}]}}