{"id":4551,"date":"2015-07-04T12:51:56","date_gmt":"2015-07-04T12:51:56","guid":{"rendered":"http:\/\/karmel.hr\/?p=4551"},"modified":"2015-07-07T07:32:46","modified_gmt":"2015-07-07T07:32:46","slug":"blazena-marija-krucifiksa-curcio-04-srpnja","status":"publish","type":"post","link":"https:\/\/karmel.hr\/?p=4551","title":{"rendered":"Bla\u017eena Marija Krucifiksa (Curcio) (04. srpnja)"},"content":{"rendered":"<p><a href=\"https:\/\/karmel.hr\/wp-content\/uploads\/2015\/07\/Bl.-Maria-Crocifissa-Curcio-Virgin.jpg\"><img loading=\"lazy\" decoding=\"async\" class=\"alignleft size-medium wp-image-4552\" src=\"https:\/\/karmel.hr\/wp-content\/uploads\/2015\/07\/Bl.-Maria-Crocifissa-Curcio-Virgin-197x300.jpg\" alt=\"Bl. Maria Crocifissa Curcio, Virgin\" width=\"197\" height=\"300\" srcset=\"https:\/\/karmel.hr\/wp-content\/uploads\/2015\/07\/Bl.-Maria-Crocifissa-Curcio-Virgin-197x300.jpg 197w, https:\/\/karmel.hr\/wp-content\/uploads\/2015\/07\/Bl.-Maria-Crocifissa-Curcio-Virgin.jpg 295w\" sizes=\"auto, (max-width: 197px) 100vw, 197px\" \/><\/a>Utemeljiteljica Karmelskih sestara misionarki sv. Terezije od Djeteta Isusa. Ro\u0111ena u Ispici na Siciliji 1877. \u017divjela je u dobrostoje\u0107oj obitelji i bila je vrlo inteligentna i ugodne osobnosti. Imala je izrazito \u010dvrstu volju i odlu\u010dnost, tako da je ve\u0107 u mladosti pokazivala ljubav prema siromasima i onima na rubu dru\u0161tva.<\/p>\n<p>Voljela je \u010ditati knjige. Jednog dana je u ku\u0107noj biblioteci na\u0161la knjigu sv. Terezije Avilske \u201eMoj \u017eivot\u201c koja je imala velik utjecaj na nju. Od tada je zavoljela Karmel i po\u010dela <em>\u201estudirati nebeske stvari\u201c.<\/em><!--more--><\/p>\n<p>U 13-oj godini u\u0161la je u karmelski tre\u0107i red koji je bio tek osnovan. Imala je osobitu pobo\u017enost prema Gospi Karmelskoj koja je <em>\u201ezarobila njeno srce jo\u0161 u djetinjstvu\u201c<\/em>. I tako je s jo\u0161 nekoliko tre\u0107oredaca osnovala malo dru\u0161tvo karmelskih misionarki, koje \u0107e \u017eivjeti kontemplativno i djelovati apostolski poma\u017eu\u0107i siroma\u0161nima i napu\u0161tenima.<\/p>\n<p>1925. gosdine dolazi na kanonizaciju Male Terezije i nakon toga odlazi u grad Santa Marinella, gdje je bilo puno siroma\u0161nih i ona prepoznaje da je Bog tu poziva. 1930. nakon mnogo muke i kri\u017eeva, njena mala Kongregacija karmelskih sestara misionarki biva potvr\u0111ena kao institut s dijecezanskim pravima od kardinala Boggianija. S motom <strong>\u201edovoditi du\u0161e k Bogu\u201c<\/strong> ra\u0161irili su se diljem Italije. Za vrijeme II.svj. rata prve sestre idu u misije u Brazil.<\/p>\n<p>Pred kraj \u017eivota je bila bolesna, ali uvijek u molitvi koja joj je bila stalan dijalog s Kristom. Osobito je voljela svetu Euharistijskog Isusa, davaju\u0107i samu sebe <strong>\u201eza mno\u0161tvo onih du\u0161a koje ne poznaju i ne vole Boga\u201c<\/strong> i predaju\u0107i sebe za njih kao \u017ertvu zajedno <strong>\u201es Velikim Mu\u010denikom Ljubavi\u201c.<\/strong><\/p>\n<p>Osobito je poticala svoje sestre da poma\u017eu mladima, jer su oni <strong>\u201enada budu\u0107nosti\u201c<\/strong>, govore\u0107i im da <strong>\u201eosloba\u0111aju u njima zlato od blata\u201c <\/strong>vra\u0107aju\u0107i im dostojanstvo djece Bo\u017eje.<\/p>\n<p>Od Majke Isusove nau\u010dila je kako biti majkom onima koji su u potrebi. Od sv. Male Terezije je u\u010dila kako s ljubavlju i predanjem \u010diniti i najmanja djela, ulaze\u0107i u svaki ljudski odnos s ponizno\u0161\u0107u i jednostavno\u0161\u0107u, rado\u0161\u0107u i nje\u017eno\u0161\u0107u. Nastojala je svakodnevno posti\u0107i jedinstvo \u017eivota i vjere kombiniraju\u0107i neumornu aktivnost Marte i duboku mistiku Marije. Umrla je 04.07.1957.<\/p>\n","protected":false},"excerpt":{"rendered":"<p>Utemeljiteljica Karmelskih sestara misionarki sv. Terezije od Djeteta Isusa. Ro\u0111ena u Ispici na Siciliji 1877. \u017divjela je u dobrostoje\u0107oj obitelji i bila je vrlo inteligentna i ugodne osobnosti. Imala je izrazito \u010dvrstu volju i odlu\u010dnost, tako da je ve\u0107 u mladosti pokazivala ljubav prema siromasima i onima na rubu dru\u0161tva. Voljela je \u010ditati knjige. Jednog &hellip; <a href=\"https:\/\/karmel.hr\/?p=4551\" class=\"more-link\">Nastavi \u010ditati <span class=\"screen-reader-text\">Bla\u017eena Marija Krucifiksa (Curcio) (04. srpnja)<\/span> <span class=\"meta-nav\">&rarr;<\/span><\/a><\/p>\n","protected":false},"author":1,"featured_media":4553,"comment_status":"open","ping_status":"open","sticky":false,"template":"","format":"standard","meta":{"_jetpack_newsletter_access":"","_jetpack_dont_email_post_to_subs":false,"_jetpack_newsletter_tier_id":0,"_jetpack_memberships_contains_paywalled_content":false,"_jetpack_feature_clip_id":0,"_jetpack_memberships_contains_paid_content":false,"footnotes":"","jetpack_publicize_message":"","jetpack_publicize_feature_enabled":true,"jetpack_social_post_already_shared":true,"jetpack_social_options":{"image_generator_settings":{"template":"highway","default_image_id":0,"font":"","enabled":false},"version":2},"jetpack_post_was_ever_published":false},"categories":[1],"tags":[],"class_list":["post-4551","post","type-post","status-publish","format-standard","has-post-thumbnail","hentry","category-nekategorizirano"],"jetpack_publicize_connections":[],"jetpack_sharing_enabled":true,"jetpack-related-posts":[],"jetpack_featured_media_url":"https:\/\/karmel.hr\/wp-content\/uploads\/2015\/07\/PartenzaBrasile_1947_MN.jpg","_links":{"self":[{"href":"https:\/\/karmel.hr\/index.php?rest_route=\/wp\/v2\/posts\/4551","targetHints":{"allow":["GET"]}}],"collection":[{"href":"https:\/\/karmel.hr\/index.php?rest_route=\/wp\/v2\/posts"}],"about":[{"href":"https:\/\/karmel.hr\/index.php?rest_route=\/wp\/v2\/types\/post"}],"author":[{"embeddable":true,"href":"https:\/\/karmel.hr\/index.php?rest_route=\/wp\/v2\/users\/1"}],"replies":[{"embeddable":true,"href":"https:\/\/karmel.hr\/index.php?rest_route=%2Fwp%2Fv2%2Fcomments&post=4551"}],"version-history":[{"count":1,"href":"https:\/\/karmel.hr\/index.php?rest_route=\/wp\/v2\/posts\/4551\/revisions"}],"predecessor-version":[{"id":4554,"href":"https:\/\/karmel.hr\/index.php?rest_route=\/wp\/v2\/posts\/4551\/revisions\/4554"}],"wp:featuredmedia":[{"embeddable":true,"href":"https:\/\/karmel.hr\/index.php?rest_route=\/wp\/v2\/media\/4553"}],"wp:attachment":[{"href":"https:\/\/karmel.hr\/index.php?rest_route=%2Fwp%2Fv2%2Fmedia&parent=4551"}],"wp:term":[{"taxonomy":"category","embeddable":true,"href":"https:\/\/karmel.hr\/index.php?rest_route=%2Fwp%2Fv2%2Fcategories&post=4551"},{"taxonomy":"post_tag","embeddable":true,"href":"https:\/\/karmel.hr\/index.php?rest_route=%2Fwp%2Fv2%2Ftags&post=4551"}],"curies":[{"name":"wp","href":"https:\/\/api.w.org\/{rel}","templated":true}]}}