{"id":4993,"date":"2015-07-25T08:42:33","date_gmt":"2015-07-25T08:42:33","guid":{"rendered":"http:\/\/karmel.hr\/?p=4993"},"modified":"2015-07-25T08:42:33","modified_gmt":"2015-07-25T08:42:33","slug":"blazena-marija-pilar-terezija-i-marija-od-andela-24-srpnja","status":"publish","type":"post","link":"https:\/\/karmel.hr\/?p=4993","title":{"rendered":"Bla\u017eena Marija Pilar, Terezija i Marija od An\u0111ela (24. srpnja)"},"content":{"rendered":"<p><a href=\"https:\/\/karmel.hr\/wp-content\/uploads\/2015\/07\/martyrs-of-guadalajara-spain.jpg\"><img loading=\"lazy\" decoding=\"async\" class=\"alignleft size-full wp-image-4996\" src=\"https:\/\/karmel.hr\/wp-content\/uploads\/2015\/07\/martyrs-of-guadalajara-spain.jpg\" alt=\"martyrs-of-guadalajara-spain\" width=\"220\" height=\"299\" \/><\/a>Marija Pilar od svetog Francisa Borgia ro\u0111ena je u Tarazoni 30.12.1877.<\/p>\n<p>Terezija od djeteta Isusa i svetog Ivana od Kri\u017ea ro\u0111ena je u Mochalesu 05. o\u017eujka 1890.<\/p>\n<p>Maria Angeles od svetog Josipa ro\u0111ena je u Getafi 06. o\u017eujka1905.<\/p>\n<p>To su bosonoge karmeli\u0107anke &#8211; redovnice samostana Guadalajara u \u0160panjolskoj. Bile su stavljene na muke 24. srpnja 1936. Dale su svjedo\u010danstvo vjere u Krista Kralja i ponudile su svoje \u017eivote za Crkvu. Bile su prve od plodova nebrojenih mu\u010denika \u0161panjolskog gra\u0111anskog rata. Ivan Pavao II. proglasio ih je bla\u017eenima 29. o\u017eujka 1987.<\/p>\n","protected":false},"excerpt":{"rendered":"<p>Marija Pilar od svetog Francisa Borgia ro\u0111ena je u Tarazoni 30.12.1877. Terezija od djeteta Isusa i svetog Ivana od Kri\u017ea ro\u0111ena je u Mochalesu 05. o\u017eujka 1890. Maria Angeles od svetog Josipa ro\u0111ena je u Getafi 06. o\u017eujka1905. To su bosonoge karmeli\u0107anke &#8211; redovnice samostana Guadalajara u \u0160panjolskoj. Bile su stavljene na muke 24. srpnja &hellip; <a href=\"https:\/\/karmel.hr\/?p=4993\" class=\"more-link\">Nastavi \u010ditati <span class=\"screen-reader-text\">Bla\u017eena Marija Pilar, Terezija i Marija od An\u0111ela (24. srpnja)<\/span> <span class=\"meta-nav\">&rarr;<\/span><\/a><\/p>\n","protected":false},"author":1,"featured_media":0,"comment_status":"open","ping_status":"open","sticky":false,"template":"","format":"standard","meta":{"_jetpack_newsletter_access":"","_jetpack_dont_email_post_to_subs":false,"_jetpack_newsletter_tier_id":0,"_jetpack_memberships_contains_paywalled_content":false,"_jetpack_feature_clip_id":0,"_jetpack_memberships_contains_paid_content":false,"footnotes":"","jetpack_publicize_message":"","jetpack_publicize_feature_enabled":true,"jetpack_social_post_already_shared":true,"jetpack_social_options":{"image_generator_settings":{"template":"highway","default_image_id":0,"font":"","enabled":false},"version":2},"jetpack_post_was_ever_published":false},"categories":[1],"tags":[],"class_list":["post-4993","post","type-post","status-publish","format-standard","hentry","category-nekategorizirano"],"jetpack_publicize_connections":[],"jetpack_sharing_enabled":true,"jetpack-related-posts":[],"jetpack_featured_media_url":"","_links":{"self":[{"href":"https:\/\/karmel.hr\/index.php?rest_route=\/wp\/v2\/posts\/4993","targetHints":{"allow":["GET"]}}],"collection":[{"href":"https:\/\/karmel.hr\/index.php?rest_route=\/wp\/v2\/posts"}],"about":[{"href":"https:\/\/karmel.hr\/index.php?rest_route=\/wp\/v2\/types\/post"}],"author":[{"embeddable":true,"href":"https:\/\/karmel.hr\/index.php?rest_route=\/wp\/v2\/users\/1"}],"replies":[{"embeddable":true,"href":"https:\/\/karmel.hr\/index.php?rest_route=%2Fwp%2Fv2%2Fcomments&post=4993"}],"version-history":[{"count":1,"href":"https:\/\/karmel.hr\/index.php?rest_route=\/wp\/v2\/posts\/4993\/revisions"}],"predecessor-version":[{"id":4997,"href":"https:\/\/karmel.hr\/index.php?rest_route=\/wp\/v2\/posts\/4993\/revisions\/4997"}],"wp:attachment":[{"href":"https:\/\/karmel.hr\/index.php?rest_route=%2Fwp%2Fv2%2Fmedia&parent=4993"}],"wp:term":[{"taxonomy":"category","embeddable":true,"href":"https:\/\/karmel.hr\/index.php?rest_route=%2Fwp%2Fv2%2Fcategories&post=4993"},{"taxonomy":"post_tag","embeddable":true,"href":"https:\/\/karmel.hr\/index.php?rest_route=%2Fwp%2Fv2%2Ftags&post=4993"}],"curies":[{"name":"wp","href":"https:\/\/api.w.org\/{rel}","templated":true}]}}