{"id":4994,"date":"2015-07-25T08:56:39","date_gmt":"2015-07-25T08:56:39","guid":{"rendered":"http:\/\/karmel.hr\/?p=4994"},"modified":"2022-07-28T08:59:20","modified_gmt":"2022-07-28T06:59:20","slug":"blazeni-ivan-soreth-24-srpnja","status":"publish","type":"post","link":"https:\/\/karmel.hr\/?p=4994","title":{"rendered":"Bla\u017eeni Ivan Soreth (28. srpnja)"},"content":{"rendered":"<p>Ivan Soreth je ro\u0111en 1394. godine blizu Caena u Normandiji gdje je i u\u0161ao u Karmel kao mladi\u0107. Postao je sve\u0107enikom oko 1417., te je postao doktor teologije i \u010dlan senata u Parizu 1438. Bio je provincijal francuske provincije od 1440. do 1451., te general Reda od 1451. do svoje smrti.<\/p>\n<p>Neumorno se trudio u obnovi u periodu koji je bio iznimno kriti\u010dan i za Crkvu i za Red. Potpuno se posvetio reformi Reda. Putovao je uzdu\u017e Europe zbog kanonskih vizitacija te promoviraju\u0107i dublje motrenje redovni\u010dkog \u017eivota kako u starim provincijama i samostanima tako i u reformiranim. Napisao je komentar Pravila te je objavio nove prera\u0111ene Konstitucije 1462. Me\u0111u mnogim drugim svojim aktivnostima bio je poticaj i potpora karmelskim redovnicama. Posebno je podr\u017eavao i potpomagao osnutke bla\u017eenog Francesa d\u2019Amboisea u sjevernoj Europi. Jo\u0161 je k tome bio promicatelj \u0161irenja Svjetovnog karmelskog Reda. Umro je 25. srpnja 1471. u Angersu.<\/p>\n<p>Poznati humanist, karmeli\u0107anin Baptist Spagnoli je za njega napisao opro\u0161tajnu pjesmu. Bla\u017eenim ga je proglasio papa Pio IX. 1866. Njegov se spomendan slavi 28. srpnja.<\/p>\n","protected":false},"excerpt":{"rendered":"<p>Ivan Soreth je ro\u0111en 1394. godine blizu Caena u Normandiji gdje je i u\u0161ao u Karmel kao mladi\u0107. Postao je sve\u0107enikom oko 1417., te je postao doktor teologije i \u010dlan senata u Parizu 1438. Bio je provincijal francuske provincije od 1440. do 1451., te general Reda od 1451. do svoje smrti. Neumorno se trudio u &hellip; <a href=\"https:\/\/karmel.hr\/?p=4994\" class=\"more-link\">Nastavi \u010ditati <span class=\"screen-reader-text\">Bla\u017eeni Ivan Soreth (28. srpnja)<\/span> <span class=\"meta-nav\">&rarr;<\/span><\/a><\/p>\n","protected":false},"author":1,"featured_media":5000,"comment_status":"open","ping_status":"open","sticky":false,"template":"","format":"standard","meta":{"_jetpack_newsletter_access":"","_jetpack_dont_email_post_to_subs":false,"_jetpack_newsletter_tier_id":0,"_jetpack_memberships_contains_paywalled_content":false,"_jetpack_feature_clip_id":0,"_jetpack_memberships_contains_paid_content":false,"footnotes":"","jetpack_publicize_message":"","jetpack_publicize_feature_enabled":true,"jetpack_social_post_already_shared":true,"jetpack_social_options":{"image_generator_settings":{"template":"highway","default_image_id":0,"font":"","enabled":false},"version":2},"jetpack_post_was_ever_published":false},"categories":[1],"tags":[],"class_list":["post-4994","post","type-post","status-publish","format-standard","has-post-thumbnail","hentry","category-nekategorizirano"],"jetpack_publicize_connections":[],"jetpack_sharing_enabled":true,"jetpack-related-posts":[],"jetpack_featured_media_url":"https:\/\/karmel.hr\/wp-content\/uploads\/2015\/07\/2014-7-24_24_srpnja_blazeni_ivan_soreth_svecenik1.jpg","_links":{"self":[{"href":"https:\/\/karmel.hr\/index.php?rest_route=\/wp\/v2\/posts\/4994","targetHints":{"allow":["GET"]}}],"collection":[{"href":"https:\/\/karmel.hr\/index.php?rest_route=\/wp\/v2\/posts"}],"about":[{"href":"https:\/\/karmel.hr\/index.php?rest_route=\/wp\/v2\/types\/post"}],"author":[{"embeddable":true,"href":"https:\/\/karmel.hr\/index.php?rest_route=\/wp\/v2\/users\/1"}],"replies":[{"embeddable":true,"href":"https:\/\/karmel.hr\/index.php?rest_route=%2Fwp%2Fv2%2Fcomments&post=4994"}],"version-history":[{"count":3,"href":"https:\/\/karmel.hr\/index.php?rest_route=\/wp\/v2\/posts\/4994\/revisions"}],"predecessor-version":[{"id":19119,"href":"https:\/\/karmel.hr\/index.php?rest_route=\/wp\/v2\/posts\/4994\/revisions\/19119"}],"wp:featuredmedia":[{"embeddable":true,"href":"https:\/\/karmel.hr\/index.php?rest_route=\/wp\/v2\/media\/5000"}],"wp:attachment":[{"href":"https:\/\/karmel.hr\/index.php?rest_route=%2Fwp%2Fv2%2Fmedia&parent=4994"}],"wp:term":[{"taxonomy":"category","embeddable":true,"href":"https:\/\/karmel.hr\/index.php?rest_route=%2Fwp%2Fv2%2Fcategories&post=4994"},{"taxonomy":"post_tag","embeddable":true,"href":"https:\/\/karmel.hr\/index.php?rest_route=%2Fwp%2Fv2%2Ftags&post=4994"}],"curies":[{"name":"wp","href":"https:\/\/api.w.org\/{rel}","templated":true}]}}