{"id":4995,"date":"2015-07-25T08:49:59","date_gmt":"2015-07-25T08:49:59","guid":{"rendered":"http:\/\/karmel.hr\/?p=4995"},"modified":"2015-07-25T08:49:59","modified_gmt":"2015-07-25T08:49:59","slug":"blazena-marija-mercedes-prat-24-srpnja","status":"publish","type":"post","link":"https:\/\/karmel.hr\/?p=4995","title":{"rendered":"Bla\u017eena Marija Mercedes Prat (24. srpnja)"},"content":{"rendered":"<p><a href=\"https:\/\/karmel.hr\/wp-content\/uploads\/2015\/07\/BlMercedesPrat.jpg\"><img loading=\"lazy\" decoding=\"async\" class=\"alignleft size-medium wp-image-4998\" src=\"https:\/\/karmel.hr\/wp-content\/uploads\/2015\/07\/BlMercedesPrat-201x300.jpg\" alt=\"BlMercedesPrat\" width=\"201\" height=\"300\" srcset=\"https:\/\/karmel.hr\/wp-content\/uploads\/2015\/07\/BlMercedesPrat-201x300.jpg 201w, https:\/\/karmel.hr\/wp-content\/uploads\/2015\/07\/BlMercedesPrat.jpg 470w\" sizes=\"auto, (max-width: 201px) 100vw, 201px\" \/><\/a>Mercedes Prat je ro\u0111ena 06. o\u017eujka 1880, u Barceloni. Kr\u0161tena je idu\u0107i dan. Primila je prvu Svetu Pri\u010dest 30. lipnja 1890. Od svog djetinjstva sebe je sasvim dala Bogu, koga je primala svaki dan u Pri\u010desti. Pokazivala je veliku ljubav prema svojim susjedima i poku\u0161ala njegovati ovu vrstu ljubav u ostalima.<\/p>\n<p>Tijekom godina provedenih u \u0161koli, bila je poznata po svoj dobroti i svojoj predanosti \u0161kolskom radu, \u00a0posebno u slikarstvu i vezenju, \u0161to su bila podru\u010dja njenog prirodnog talenta. U\u0161av\u0161i u\u00a0 novcijat Dru\u0161tva Svete Terezije od Isusa 1904. u Tortosi, dala je \u00a0prve zavjete 1907.<\/p>\n<p>Gajila je osobitu pobo\u017enost prema Bo\u017ejem srcu: promi\u0161ljena, istinita, mirna i blaga u svojim reakcijama, pokazuju\u0107i prirodnu dobrotu u dru\u017eenju sa ostalima, ali pokazuju\u0107i \u010dvrstinu karaktera. Bog je bio njezina jedna ljubav, i njezina ljubav za Boga rasla do to\u010dke gdje bi ona dala \u017eivot za njega.<\/p>\n<p>1920. bila je dodijeljena ku\u0107i u Barceloni. Odatle je po\u010deo put prema mu\u010deni\u0161tvu. \u00a009. srpnja 1936. zajednica je bila prisiljena odre\u0107i se \u0161kole i htjeli su je ukinuti. 23. srpnja, sestra Mercedes je bla uhi\u0107ena i ustrijeljena;\u00a0 umrla je rano u jutro 20. srpnja.<\/p>\n","protected":false},"excerpt":{"rendered":"<p>Mercedes Prat je ro\u0111ena 06. o\u017eujka 1880, u Barceloni. Kr\u0161tena je idu\u0107i dan. Primila je prvu Svetu Pri\u010dest 30. lipnja 1890. Od svog djetinjstva sebe je sasvim dala Bogu, koga je primala svaki dan u Pri\u010desti. Pokazivala je veliku ljubav prema svojim susjedima i poku\u0161ala njegovati ovu vrstu ljubav u ostalima. Tijekom godina provedenih u &hellip; <a href=\"https:\/\/karmel.hr\/?p=4995\" class=\"more-link\">Nastavi \u010ditati <span class=\"screen-reader-text\">Bla\u017eena Marija Mercedes Prat (24. srpnja)<\/span> <span class=\"meta-nav\">&rarr;<\/span><\/a><\/p>\n","protected":false},"author":1,"featured_media":0,"comment_status":"open","ping_status":"open","sticky":false,"template":"","format":"standard","meta":{"_jetpack_newsletter_access":"","_jetpack_dont_email_post_to_subs":false,"_jetpack_newsletter_tier_id":0,"_jetpack_memberships_contains_paywalled_content":false,"_jetpack_feature_clip_id":0,"_jetpack_memberships_contains_paid_content":false,"footnotes":"","jetpack_publicize_message":"","jetpack_publicize_feature_enabled":true,"jetpack_social_post_already_shared":true,"jetpack_social_options":{"image_generator_settings":{"template":"highway","default_image_id":0,"font":"","enabled":false},"version":2},"jetpack_post_was_ever_published":false},"categories":[1],"tags":[],"class_list":["post-4995","post","type-post","status-publish","format-standard","hentry","category-nekategorizirano"],"jetpack_publicize_connections":[],"jetpack_sharing_enabled":true,"jetpack-related-posts":[],"jetpack_featured_media_url":"","_links":{"self":[{"href":"https:\/\/karmel.hr\/index.php?rest_route=\/wp\/v2\/posts\/4995","targetHints":{"allow":["GET"]}}],"collection":[{"href":"https:\/\/karmel.hr\/index.php?rest_route=\/wp\/v2\/posts"}],"about":[{"href":"https:\/\/karmel.hr\/index.php?rest_route=\/wp\/v2\/types\/post"}],"author":[{"embeddable":true,"href":"https:\/\/karmel.hr\/index.php?rest_route=\/wp\/v2\/users\/1"}],"replies":[{"embeddable":true,"href":"https:\/\/karmel.hr\/index.php?rest_route=%2Fwp%2Fv2%2Fcomments&post=4995"}],"version-history":[{"count":1,"href":"https:\/\/karmel.hr\/index.php?rest_route=\/wp\/v2\/posts\/4995\/revisions"}],"predecessor-version":[{"id":4999,"href":"https:\/\/karmel.hr\/index.php?rest_route=\/wp\/v2\/posts\/4995\/revisions\/4999"}],"wp:attachment":[{"href":"https:\/\/karmel.hr\/index.php?rest_route=%2Fwp%2Fv2%2Fmedia&parent=4995"}],"wp:term":[{"taxonomy":"category","embeddable":true,"href":"https:\/\/karmel.hr\/index.php?rest_route=%2Fwp%2Fv2%2Fcategories&post=4995"},{"taxonomy":"post_tag","embeddable":true,"href":"https:\/\/karmel.hr\/index.php?rest_route=%2Fwp%2Fv2%2Ftags&post=4995"}],"curies":[{"name":"wp","href":"https:\/\/api.w.org\/{rel}","templated":true}]}}