{"id":5159,"date":"2016-08-09T00:50:05","date_gmt":"2016-08-09T00:50:05","guid":{"rendered":"http:\/\/karmel.hr\/?p=5159"},"modified":"2021-04-23T17:15:43","modified_gmt":"2021-04-23T15:15:43","slug":"sveta-terezija-benedikta-od-kriza-9-kolovoza","status":"publish","type":"post","link":"https:\/\/karmel.hr\/?p=5159","title":{"rendered":"Sveta Terezija Benedikta od Kri\u017ea (9. kolovoza)"},"content":{"rendered":"<div class=\"innercontent\">\n<div id=\"latestnews2\">\n<div class=\"newsitem\">\n<p align=\"justify\"><strong>&#8220;U samostan se ne dolazi da bi se pobjeglo od svijeta, nego da svijet nosimo Bogu.&#8221;<\/strong><\/p>\n<p align=\"right\"><em>Sv. Terezija Benedikta od Kri\u017ea &#8211; Edith Stein<\/em><\/p>\n<p align=\"justify\">Edith Stein se rodila na \u017eidovski blagdan Pomirenja 12. listopada 1891. kao najmla\u0111e dijete brojne ortodoksne \u017eidovske obitelji. Njezin \u017eivotni put slijedit \u0107e simboliku njena ro\u0111endana.<\/p>\n<p align=\"justify\">U potrazi za znanjem i sigurno\u0161\u0107u, u djevoja\u010dkoj je dobi prestala moliti, potpuno se predala filozofiji ne bi li pomo\u0107u fenomenologije stekla jasnu spoznaju cjelovite stvarnosti. Ipak, upravo je dosljedna fenomenologija njen istine \u017eeljni duh iznova pribli\u017eila k religiji i kr\u0161\u0107anskoj vjeri.<\/p>\n<p><!--more--><\/p>\n<p align=\"justify\">Susret s djelom Terezije Avilske u 30. godini \u017eivota definitivno joj je otkrio jedan novi svijet i jedan novi \u017eivot \u2013 svijet u kojem se o\u010dituje Bog koji je Ljubav i \u017divot. Prihvativ\u0161i iskreno istine katoli\u010dke vjere 1. sije\u010dnja 1922. prima sakrament kr\u0161tenja. Otad joj je glavna \u017eelja sjediniti se sa \u017eivim Bogom u predanom slu\u017eenju i sabranosti klauzurnog karmela. Tu svoju \u010de\u017enju nosi u srcu 11 godina jer se (kao dr. phil.) prema uputama svojih duhovnih savjetnika bavi nastavnom i odgojnom djelatno\u0161\u0107u. Kada je 14. listopada 1933. napokon stupila u karmel u K\u00f6lnu, du\u0161a joj je nahranjena spokojem i rado\u0161\u0107u.<\/p>\n<p align=\"justify\"><a href=\"https:\/\/karmel.hr\/wp-content\/uploads\/2015\/08\/050365wa-La-conversion-d-Edith-Stein1.jpg\"><img loading=\"lazy\" decoding=\"async\" class=\"alignnone size-large wp-image-5164\" src=\"https:\/\/karmel.hr\/wp-content\/uploads\/2015\/08\/050365wa-La-conversion-d-Edith-Stein1-1024x768.jpg\" alt=\"050365wa-La-conversion-d-Edith-Stein1\" width=\"474\" height=\"356\" srcset=\"https:\/\/karmel.hr\/wp-content\/uploads\/2015\/08\/050365wa-La-conversion-d-Edith-Stein1-1024x768.jpg 1024w, https:\/\/karmel.hr\/wp-content\/uploads\/2015\/08\/050365wa-La-conversion-d-Edith-Stein1-300x225.jpg 300w, https:\/\/karmel.hr\/wp-content\/uploads\/2015\/08\/050365wa-La-conversion-d-Edith-Stein1-600x450.jpg 600w, https:\/\/karmel.hr\/wp-content\/uploads\/2015\/08\/050365wa-La-conversion-d-Edith-Stein1.jpg 1115w\" sizes=\"auto, (max-width: 474px) 100vw, 474px\" \/><\/a><\/p>\n<p align=\"justify\">Za nju se tajna \u017eivota u Karmelu sastojala u tome da se \u010dovjek s povjerenjem prepusti Bo\u017ejem zahvatu ljubavi. U potpunoj se slobodi suobli\u010diti Kristu i s njime iskusiti i dubinu radosti ali i tajnu patnje i \u201cludost kri\u017ea\u201d.<\/p>\n<p align=\"justify\">Uzima ime s. Terezija Benedikta od Kri\u017ea (&#8220;blagoslovljena kri\u017eem&#8221;) jer dragovoljno prihva\u0107a kri\u017e kako bi ostvarila glavni cilj: biti neovisan o svemu \u0161to nije Bog.<\/p>\n<p align=\"justify\"><a href=\"https:\/\/karmel.hr\/wp-content\/uploads\/2015\/08\/St-Teresa-Benedicta-of-the-Cross.jpg\"><img loading=\"lazy\" decoding=\"async\" class=\"alignleft size-medium wp-image-5165\" src=\"https:\/\/karmel.hr\/wp-content\/uploads\/2015\/08\/St-Teresa-Benedicta-of-the-Cross-214x300.jpg\" alt=\"St Teresa Benedicta of the Cross\" width=\"214\" height=\"300\" srcset=\"https:\/\/karmel.hr\/wp-content\/uploads\/2015\/08\/St-Teresa-Benedicta-of-the-Cross-214x300.jpg 214w, https:\/\/karmel.hr\/wp-content\/uploads\/2015\/08\/St-Teresa-Benedicta-of-the-Cross-732x1024.jpg 732w, https:\/\/karmel.hr\/wp-content\/uploads\/2015\/08\/St-Teresa-Benedicta-of-the-Cross-600x840.jpg 600w, https:\/\/karmel.hr\/wp-content\/uploads\/2015\/08\/St-Teresa-Benedicta-of-the-Cross.jpg 1143w\" sizes=\"auto, (max-width: 214px) 100vw, 214px\" \/><\/a>Ujedinjenje s Kristom sestra Benedikta od Kri\u017ea \u2013 Editha Stein ostvarila je upravo \u201cna drvu kri\u017ea\u201d, \u0161to joj je omogu\u0107ilo da svoje redovni\u0161tvo i svoje kona\u010dno mu\u010deni\u0161tvo prinese kao \u017ertvu za mnoge. Pro\u017eivljavaju\u0107i kao kr\u0161\u0107anka stra\u0161nu agoniju svoga \u017eidovskog naroda napokon i sama postaje \u017ertvom mr\u017enje, nepravde i nasilja. Ostaje mirna i pouzdana: sve to mo\u017ee ubiti samo tijelo, ali ne i du\u0161u \u2013 vje\u010dnu bit \u010dovjekovu. Neprijatelji kri\u017ea Kristova otvorili su ovoj neumornoj tra\u017eiteljici istine 9. kolovoza 1942. u Ausschwitzu vrata ka vje\u010dnoj Istini.<\/p>\n<p align=\"justify\">Papa Ivan Pavao II. proglasio ju je 1. svibnja 1987. u K\u00f6lnu bla\u017eenom, 11. listopada 1998. u Rimu svetom, a 1. listopada 1999., zajedno sa sv. Brigitom \u0160vedskom i sv. Katarinom Sijenskom suza\u0161titnicom Europe.<\/p>\n<p><strong>MOLITVA<\/strong><\/p>\n<p><em>\u201cBo\u017ee otaca na\u0161ih, napuni nas mudro\u0161\u0107u kri\u017ea, kojom si \u010dudesno obogatio svetu Tereziju Benediktu u \u010dasu mu\u010deni\u0161tva, i po njenom zagovoru daj nam da uvijek tra\u017eimo Tebe, najve\u0107u Istinu, te da budemo do smrti vjerni vje\u010dnom savezu ljubavi, kojega je zape\u010datio tvoj Sin svojom krvlju za spas svih ljudi. Po Kristu Gospodinu na\u0161emu. Amen.\u201d<\/em><\/p>\n<\/div>\n<\/div>\n<\/div>\n<div class=\"innercontent\">\n<div id=\"latest-news\">\n<h2 class=\"sfhover\">Izabrane misli Sv. Terezije Benedikte \u2013 Edithe Stein<\/h2>\n<div class=\"newsitem\">\n<h3>&nbsp;<\/h3>\n<p align=\"justify\"><a href=\"https:\/\/karmel.hr\/wp-content\/uploads\/2015\/08\/A3.jpg\"><img loading=\"lazy\" decoding=\"async\" class=\"alignleft size-medium wp-image-5161\" src=\"https:\/\/karmel.hr\/wp-content\/uploads\/2015\/08\/A3-200x300.jpg\" alt=\"A3\" width=\"200\" height=\"300\" srcset=\"https:\/\/karmel.hr\/wp-content\/uploads\/2015\/08\/A3-200x300.jpg 200w, https:\/\/karmel.hr\/wp-content\/uploads\/2015\/08\/A3-683x1024.jpg 683w, https:\/\/karmel.hr\/wp-content\/uploads\/2015\/08\/A3-600x900.jpg 600w, https:\/\/karmel.hr\/wp-content\/uploads\/2015\/08\/A3.jpg 1067w\" sizes=\"auto, (max-width: 200px) 100vw, 200px\" \/><\/a>\u201cVe\u0107 sada s rado\u0161\u0107u prihva\u0107am smrt, koju mi je Gospodin namijenio, u potpunoj podlo\u017enosti Njegovoj presvetoj volji. Molim Gospodina da moj \u017eivot i smrt primi na svoju \u010dast i slavu, za sve nakane presvetih Srdaca Isusova i Marijina i svete Crkve, a posebno za o\u010duvanje, posve\u0107enje i savr\u0161enstvo na\u0161eg svetog Reda, poimence Karmela u K\u00f6lnu i Echtu, kao okajanje za nevjeru \u017eidovskog naroda i da bi Gospodin bio prihva\u0107en od svojih te da bi njegovo kraljevstvo do\u0161lo u slavi, za spasenje Njema\u010dke i mir svijeta, kona\u010dno za moju rodbinu, \u017eive i mrtve, i sve koje mi je Bog dao: da ni jedan od njih ne bude izgubljen.&#8221;<\/p>\n<p align=\"justify\">\u201cMoje temeljno raspolo\u017eenje, od kada sam ovdje, jest zahvalnost. Hvala, \u0161to smijem biti ovdje i \u0161to je ku\u0107a takva kakva jest. Pri tome mi je uvijek na pameti, da ovdje nemamo stalnog boravi\u0161ta. Nemam druge \u017eelje nego da se na meni i po meni izvr\u0161ava volja Bo\u017eja. Do Njega je koliko \u0107e me dugo ovdje ostaviti i \u0161to \u0107e potom do\u0107i. In manibus tuis sortes meae. Tu je sve dobro zbrinuto. Tako se ja ne trebam brinuti. Ali, potrebno je puno molitve, da bi u svakoj situaciji ostali vjerni.\u201d<\/p>\n<p align=\"justify\">\u201cBio je ovo moj prvi susret sa kri\u017eem i bo\u017eanskom snagom, koju kri\u017e daje svojim nositeljima. Prvi put sam nadohvat ruke pred sobom vidjela Crkvu ro\u0111enu iz Otkupiteljeva trpljenja u njenoj pobjedi nad \u017ealcem smrti. Bio je to trenutak, u kojem se slomila moja nevjera i zasjao Krist, Krist u otajstvu kri\u017ea.\u201d<\/p>\n<p align=\"justify\">\u201cSvijet postoji iz suprotnosti\u2026 (Ali) na koncu svega ne\u0107e ni\u0161ta ostati od tih kontrasta. Ostat \u0107e jedino Velika ljubav. A kako bi uop\u0107e i moglo biti druga\u010dije?\u201d<\/p>\n<p align=\"justify\">\u201cSve ve\u0107a skrhanost prirode, daje nadnaravnom svjetlu i Bo\u017ejem \u017eivotu sve vi\u0161e i vi\u0161e prostora. Dosi\u017eu se prirodne sile i preobra\u017eavaju se u obo\u017eene i oduhovljene. Tako se doga\u0111a jedno novo Kristovo utjelovljenje u kr\u0161\u0107aninu, koje je istozna\u010dno uskrsnu\u0107u sa kri\u017ea.\u201d<\/p>\n<p align=\"justify\">\u201cBog je istina. Tko tra\u017ei istinu, taj tra\u017ei Boga, bilo to njemu jasno ili ne.\u201d<\/p>\n<p align=\"justify\">\u201cSvaka prava molitva je molitva Crkve: po svakoj pravoj molitvi doga\u0111a se ne\u0161to u Crkvi i sama Crkva jest ta koja u toj molitvi moli, jer je Duh Sveti koji \u017eivi u njoj taj koji u svakoj pojedinoj du\u0161i za nas moli sa \u2018neizrecivim uzdasima\u2019. Upravo to je prava molitva: \u2018jer nitko ne mo\u017ee re\u0107i Gospodin Isus, osim u Duhu Svetome\u2019 (1 Kor 12, 3). \u0160to bi bila molitva Crkve, ako ne predavanje velikih zaljubljenika Bogu, koji je ljubav?\u201d<\/p>\n<p align=\"justify\">\u201cProgonstvo \u017didova nije ni\u0161ta drugo doli progonstvo \u010dovje\u0161tva Kristova.\u201d<\/p>\n<p align=\"justify\">\u201cNe mo\u017ee nam pomo\u0107i ljudska djelatnost, ve\u0107 patnja Kristova. U njoj imati udjela, moja je \u017eelja!\u201d<\/p>\n<p align=\"justify\">\u201cU djetinjim danima duhovnog \u017eivota kada smo tek po\u010deli prepu\u0161tati se Bo\u017ejem vodstvu, tada osje\u0107amo vode\u0107u ruku sasvim jako i \u010dvrsto; poput sunca jasno pred nama je \u0161to trebamo u\u010diniti ili pustiti. Ali to ne ostaje uvijek tako. Tko pripada Kristu, taj mora pro\u017eivjeti cijeli Kristov \u017eivot. On mora sazreti do Kristove dobi odraslog \u010dovjeka, on mora jednom po\u0107i na kri\u017eni put u Getsemani i na Golgotu. I sve patnje, koje izvana dolaze, nisu ni\u0161ta u usporedbi sa tamnom no\u0107i du\u0161e, kada bo\u017eansko svjetlo vi\u0161e ne svijetli i kada glas Gospodinov vi\u0161e ne govori. Bog je tu, ali on je sakriven i \u0161uti. Za\u0161to je to tako? To su Bo\u017eje tajne\u2026 i one se ne daju sasvim razotkriti\u2026 Tako svatko od nas uvijek stoji na o\u0161trici no\u017ea izme\u0111u \u2018Ni\u0161ta\u2019 i punine bo\u017eanskog \u017eivota.\u201d<\/p>\n<p align=\"justify\">\u201c\u0160to nije bilo u mojem planu, bilo je u Bo\u017ejem planu\u2026 U meni biva \u017eivlja sigurnost vjere, da \u2013 gledaju\u0107i sa Bo\u017eje strane \u2013 nema slu\u010daja, da je sav moj \u017eivot, do u zadnju pojedinost, nazna\u010den u planu Bo\u017eje providnosti i da je pred Bo\u017ejim svevide\u0107im okom potpuna smislena cjelina. Tada se po\u010dinjem radovati svjetlu Glorie, u kojem \u0107e ta smisaona cjelina i meni biti razotkrivena.\u201d<\/p>\n<p align=\"justify\">\u201cUnutarnji \u017eivot je najdublji i naj\u010di\u0161\u0107i izvor sre\u0107e.\u201d<\/p>\n<p align=\"justify\">\u201c\u0160to vjera u\u010di misti\u010dno obdarenje daje kao iskustvo: nastavanje Boga u du\u0161i.\u201d<\/p>\n<p align=\"justify\">\u201cPouzdajem se\u2026 u to, da je Gospodin primio moj \u017eivot za sve. Uvijek iznova moram misliti na kraljicu Esteru koja je upravo zato bila uzeta iz svoga naroda, da bi za narod stala pred kralja. Ja sam vrlo sirota i nemo\u0107na Estera, ali kralj koji me je izabrao beskona\u010dno je velik i milosrdan. To je velika utjeha.\u201d<\/p>\n<p align=\"justify\">\u201cUvijek mi je bilo kao da mi je Gospodin ne\u0161to pripremio u Karmelu, \u0161to \u0107u samo tamo na\u0107i.\u201d<\/p>\n<p align=\"justify\">\u201cBo\u017eansko Srce moga Spasitelja! Zavjetujem Ti da \u0107u koristiti sve prigode da Tebe obradujem, i gdje budem stajala pred izborom, \u017eelim izabrati ono \u0161to Tebe najvi\u0161e veseli. Zavjetujem to, da bih Tebi dokazala svoju ljubav i da bih dospjela do savr\u0161enosti moga zvanja, to jest da bih postala prava karmeli\u0107anka, istinska Tvoja zaru\u010dnica. Molim Te, daj mi snage da svoje zavjete vjerno izvr\u0161avam. Tvoja Majka i moj sveti an\u0111eo neka mi u tom pomognu.\u201d<\/p>\n<\/div>\n<\/div>\n<\/div>\n","protected":false},"excerpt":{"rendered":"<p>&#8220;U samostan se ne dolazi da bi se pobjeglo od svijeta, nego da svijet nosimo Bogu.&#8221; Sv. Terezija Benedikta od Kri\u017ea &#8211; Edith Stein Edith Stein se rodila na \u017eidovski blagdan Pomirenja 12. listopada 1891. kao najmla\u0111e dijete brojne ortodoksne \u017eidovske obitelji. Njezin \u017eivotni put slijedit \u0107e simboliku njena ro\u0111endana. U potrazi za znanjem i &hellip; <a href=\"https:\/\/karmel.hr\/?p=5159\" class=\"more-link\">Nastavi \u010ditati <span class=\"screen-reader-text\">Sveta Terezija Benedikta od Kri\u017ea (9. kolovoza)<\/span> <span class=\"meta-nav\">&rarr;<\/span><\/a><\/p>\n","protected":false},"author":1,"featured_media":5163,"comment_status":"open","ping_status":"open","sticky":false,"template":"","format":"standard","meta":{"_jetpack_memberships_contains_paid_content":false,"footnotes":"","jetpack_publicize_message":"","jetpack_publicize_feature_enabled":true,"jetpack_social_post_already_shared":true,"jetpack_social_options":{"image_generator_settings":{"template":"highway","default_image_id":0,"font":"","enabled":false},"version":2}},"categories":[1],"tags":[],"class_list":["post-5159","post","type-post","status-publish","format-standard","has-post-thumbnail","hentry","category-nekategorizirano"],"jetpack_publicize_connections":[],"jetpack_featured_media_url":"https:\/\/karmel.hr\/wp-content\/uploads\/2015\/08\/8581568103_a67915dd3f_b.jpg","jetpack_sharing_enabled":true,"jetpack-related-posts":[],"_links":{"self":[{"href":"https:\/\/karmel.hr\/index.php?rest_route=\/wp\/v2\/posts\/5159","targetHints":{"allow":["GET"]}}],"collection":[{"href":"https:\/\/karmel.hr\/index.php?rest_route=\/wp\/v2\/posts"}],"about":[{"href":"https:\/\/karmel.hr\/index.php?rest_route=\/wp\/v2\/types\/post"}],"author":[{"embeddable":true,"href":"https:\/\/karmel.hr\/index.php?rest_route=\/wp\/v2\/users\/1"}],"replies":[{"embeddable":true,"href":"https:\/\/karmel.hr\/index.php?rest_route=%2Fwp%2Fv2%2Fcomments&post=5159"}],"version-history":[{"count":11,"href":"https:\/\/karmel.hr\/index.php?rest_route=\/wp\/v2\/posts\/5159\/revisions"}],"predecessor-version":[{"id":16962,"href":"https:\/\/karmel.hr\/index.php?rest_route=\/wp\/v2\/posts\/5159\/revisions\/16962"}],"wp:featuredmedia":[{"embeddable":true,"href":"https:\/\/karmel.hr\/index.php?rest_route=\/wp\/v2\/media\/5163"}],"wp:attachment":[{"href":"https:\/\/karmel.hr\/index.php?rest_route=%2Fwp%2Fv2%2Fmedia&parent=5159"}],"wp:term":[{"taxonomy":"category","embeddable":true,"href":"https:\/\/karmel.hr\/index.php?rest_route=%2Fwp%2Fv2%2Fcategories&post=5159"},{"taxonomy":"post_tag","embeddable":true,"href":"https:\/\/karmel.hr\/index.php?rest_route=%2Fwp%2Fv2%2Ftags&post=5159"}],"curies":[{"name":"wp","href":"https:\/\/api.w.org\/{rel}","templated":true}]}}